{"id":41834,"date":"2025-03-21T15:51:05","date_gmt":"2025-03-21T15:51:05","guid":{"rendered":"https:\/\/radiojehona.com\/?p=41834"},"modified":"2025-03-21T15:51:06","modified_gmt":"2025-03-21T15:51:06","slug":"ndihme-prej-150-000-denare-per-cdo-familje-te-prekur-nga-tragjedia-e-kocanit","status":"publish","type":"post","link":"https:\/\/radiojehona.mk\/?p=41834","title":{"rendered":"Ndihm\u00eb prej 150.000 denar\u00eb p\u00ebr \u00e7do familje t\u00eb prekur nga tragjedia e Ko\u00e7anit"},"content":{"rendered":"\n<figure class=\"wp-block-image size-full\"><img fetchpriority=\"high\" decoding=\"async\" width=\"780\" height=\"439\" src=\"https:\/\/radiojehona.com\/wp-content\/uploads\/2025\/03\/Kocan-780x439-1.jpg\" alt=\"\" class=\"wp-image-41835\" srcset=\"https:\/\/radiojehona.mk\/wp-content\/uploads\/2025\/03\/Kocan-780x439-1.jpg 780w, https:\/\/radiojehona.mk\/wp-content\/uploads\/2025\/03\/Kocan-780x439-1-300x169.jpg 300w, https:\/\/radiojehona.mk\/wp-content\/uploads\/2025\/03\/Kocan-780x439-1-768x432.jpg 768w\" sizes=\"(max-width: 780px) 100vw, 780px\" \/><\/figure>\n\n\n\n<p>Secila familje e prekur nga tragjedia e Ko\u00e7anit fillimisht do t\u00eb marr\u00eb 150.000 denar\u00eb p\u00ebr mbulimin e shpenzimeve aktuale, informoi Marija Miteva, z\u00ebdh\u00ebn\u00ebse e Qeveris\u00eb.<\/p>\n\n\n\n<p>Qeveria apelon qytetar\u00ebt q\u00eb d\u00ebshirojn\u00eb t\u00eb dhurojn\u00eb mjete p\u00ebr familjet dhe pacient\u00ebt, q\u00eb k\u00ebt\u00eb ta b\u00ebjn\u00eb vet\u00ebm p\u00ebrmes llogaris\u00eb zyrtare t\u00eb Kryqit t\u00eb Kuq, n\u00eb m\u00ebnyr\u00eb q\u00eb t\u00eb shmanget \u00e7do mund\u00ebsi e keqp\u00ebrdorimit t\u00eb t\u00eb dh\u00ebnave personale dhe d\u00ebmtimit t\u00eb familjeve.<\/p>\n\n\n\n<p>\u201cQeveria ka k\u00ebrkuar q\u00eb t\u00eb mos spekulohet me informacione se familjet dhe pacient\u00ebt kan\u00eb nevoj\u00eb p\u00ebr mb\u00ebshtetje financiare p\u00ebr trajtim. Kjo nuk \u00ebsht\u00eb e v\u00ebrtet\u00eb. Trajtimi p\u00ebr t\u00eb gjith\u00eb pacient\u00ebt ofrohet dhe do t\u00eb ofrohet nga shteti. N\u00eb k\u00ebt\u00eb moment jo t\u00eb gjitha familjet kan\u00eb nevoj\u00eb p\u00ebr kujdes nga nj\u00eb aspekt i till\u00eb. N\u00eb fush\u00ebn e transportit dhe akomodimit, kjo \u00ebsht\u00eb edhe p\u00ebrgjegj\u00ebsi dhe shqet\u00ebsim i Qeveris\u00eb.<\/p>\n\n\n\n<p>Jan\u00eb kujdesur 180 persona nga familjet e personave t\u00eb shtruar jasht\u00eb vendit. Nga Kryqi i Kuq jemi njoftuar se po b\u00ebhet pajtimi dhe vler\u00ebsimi formal-juridik p\u00ebrmes t\u00eb cilit t\u00eb gjitha familjet e prekura nga tragjedia e tmerrshme do t\u2019u jepet mb\u00ebshtetje financiare, fillimisht nga 150.000 denar\u00eb p\u00ebr secil\u00ebn familje dhe t\u00eb nj\u00ebjtat mjete do t\u00eb p\u00ebrdoren p\u00ebr mbulimin e shpenzimeve aktuale dhe urgjente ditore\u201d, ka th\u00ebn\u00eb Miteva.<\/p>\n","protected":false},"excerpt":{"rendered":"<p>Secila familje e prekur nga tragjedia e Ko&ccedil;anit fillimisht do t&euml; marr&euml; 150.000 denar&euml; p&euml;r mbulimin e shpenzimeve aktuale, informoi Marija Miteva, z&euml;dh&euml;n&euml;se e Qeveris&euml;. Qeveria apelon qytetar&euml;t q&euml; d&euml;shirojn&euml; t&euml; dhurojn&euml; mjete p&euml;r familjet dhe pacient&euml;t, q&euml; k&euml;t&euml; ta b&euml;jn&euml; vet&euml;m p&euml;rmes llogaris&euml; zyrtare t&euml; Kryqit t&euml; Kuq, n&euml; m&euml;nyr&euml; q&euml; t&euml; shmanget &ccedil;do [&hellip;]<\/p>\n","protected":false},"author":2,"featured_media":41835,"comment_status":"open","ping_status":"closed","sticky":false,"template":"","format":"standard","meta":{"_monsterinsights_skip_tracking":false,"_monsterinsights_sitenote_active":false,"_monsterinsights_sitenote_note":"","_monsterinsights_sitenote_category":0,"footnotes":""},"categories":[1],"tags":[],"class_list":["post-41834","post","type-post","status-publish","format-standard","has-post-thumbnail","hentry","category-vendi"],"_links":{"self":[{"href":"https:\/\/radiojehona.mk\/index.php?rest_route=\/wp\/v2\/posts\/41834","targetHints":{"allow":["GET"]}}],"collection":[{"href":"https:\/\/radiojehona.mk\/index.php?rest_route=\/wp\/v2\/posts"}],"about":[{"href":"https:\/\/radiojehona.mk\/index.php?rest_route=\/wp\/v2\/types\/post"}],"author":[{"embeddable":true,"href":"https:\/\/radiojehona.mk\/index.php?rest_route=\/wp\/v2\/users\/2"}],"replies":[{"embeddable":true,"href":"https:\/\/radiojehona.mk\/index.php?rest_route=%2Fwp%2Fv2%2Fcomments&post=41834"}],"version-history":[{"count":2,"href":"https:\/\/radiojehona.mk\/index.php?rest_route=\/wp\/v2\/posts\/41834\/revisions"}],"predecessor-version":[{"id":41837,"href":"https:\/\/radiojehona.mk\/index.php?rest_route=\/wp\/v2\/posts\/41834\/revisions\/41837"}],"wp:featuredmedia":[{"embeddable":true,"href":"https:\/\/radiojehona.mk\/index.php?rest_route=\/wp\/v2\/media\/41835"}],"wp:attachment":[{"href":"https:\/\/radiojehona.mk\/index.php?rest_route=%2Fwp%2Fv2%2Fmedia&parent=41834"}],"wp:term":[{"taxonomy":"category","embeddable":true,"href":"https:\/\/radiojehona.mk\/index.php?rest_route=%2Fwp%2Fv2%2Fcategories&post=41834"},{"taxonomy":"post_tag","embeddable":true,"href":"https:\/\/radiojehona.mk\/index.php?rest_route=%2Fwp%2Fv2%2Ftags&post=41834"}],"curies":[{"name":"wp","href":"https:\/\/api.w.org\/{rel}","templated":true}]}}