{"id":41832,"date":"2025-03-21T15:50:08","date_gmt":"2025-03-21T15:50:08","guid":{"rendered":"https:\/\/radiojehona.com\/?p=41832"},"modified":"2025-03-21T15:50:10","modified_gmt":"2025-03-21T15:50:10","slug":"raporti-i-autopsise-te-gjitha-viktimat-e-zjarrit-ne-kocan-vdiqen-nga-asfiksioni","status":"publish","type":"post","link":"https:\/\/radiojehona.mk\/?p=41832","title":{"rendered":"Raporti i autopsis\u00eb: T\u00eb gjitha viktimat e zjarrit n\u00eb Ko\u00e7an vdiq\u00ebn nga asfiksioni"},"content":{"rendered":"\n<figure class=\"wp-block-image size-full\"><img fetchpriority=\"high\" decoding=\"async\" width=\"780\" height=\"470\" src=\"https:\/\/radiojehona.com\/wp-content\/uploads\/2025\/03\/kocani-pozar-diskoteka-1536x979-1-780x470-2-1.jpg\" alt=\"\" class=\"wp-image-41636\" srcset=\"https:\/\/radiojehona.mk\/wp-content\/uploads\/2025\/03\/kocani-pozar-diskoteka-1536x979-1-780x470-2-1.jpg 780w, https:\/\/radiojehona.mk\/wp-content\/uploads\/2025\/03\/kocani-pozar-diskoteka-1536x979-1-780x470-2-1-300x181.jpg 300w, https:\/\/radiojehona.mk\/wp-content\/uploads\/2025\/03\/kocani-pozar-diskoteka-1536x979-1-780x470-2-1-768x463.jpg 768w\" sizes=\"(max-width: 780px) 100vw, 780px\" \/><\/figure>\n\n\n\n<p>Dekani i Fakultetit t\u00eb Mjek\u00ebsis\u00eb n\u00eb Shkup, Svetozar Antoviq dhe udh\u00ebheq\u00ebsi i Institutit t\u00eb Mjek\u00ebsis\u00eb Ligjore, Aleksandar Stankov, kan\u00eb njoftuar sot se pas ngjarjes tragjike n\u00eb Ko\u00e7an, p\u00ebr nj\u00eb koh\u00eb shum\u00eb t\u00eb shkurt\u00ebr jan\u00eb kryer 59 autopsi dhe identifikime t\u00eb t\u00eb vdekurve.<\/p>\n\n\n\n<p>Si\u00e7 u theksua n\u00eb konferenc\u00ebn p\u00ebr media, u formuan gjasht\u00eb ekipe, t\u00eb p\u00ebrb\u00ebra nga ekspert\u00eb t\u00eb mjek\u00ebsis\u00eb ligjore, patolog\u00eb dhe ekipe t\u00eb MPB-s\u00eb.<\/p>\n\n\n\n<p>\u201cT\u00eb gjitha viktimat u zbuluan se kishin vdekur nga asfiksia e dhunshme, e shkaktuar drejtp\u00ebrdrejt nga zjarri. Pritet q\u00eb t\u00eb gjitha raportet e autopsis\u00eb t\u00eb p\u00ebrfundojn\u00eb deri n\u00eb fund t\u00eb marsit. Veshjet dhe t\u00eb gjitha sendet e gjetura tek t\u00eb vdekurit ndodhen n\u00eb Institutin dhe do t\u2019i kalojn\u00eb Prokuroris\u00eb\u201d, u tha n\u00eb konferenc\u00eb.<\/p>\n\n\n\n<p>Sipas Stankov, menj\u00ebher\u00eb pas marrjes s\u00eb informacionit p\u00ebr zjarrin, t\u00eb gjith\u00eb punonj\u00ebsit e Institutit kan\u00eb arritur n\u00eb vendet e tyre t\u00eb pun\u00ebs p\u00ebr vet\u00ebm nj\u00eb or\u00eb dhe \u00ebsht\u00eb hartuar plan p\u00ebr veprime t\u00eb duhura.<\/p>\n\n\n\n<p>\u201cQ\u00ebllimi ishte p\u00ebrfundimi i shpejt\u00eb dhe cil\u00ebsor i autopsive q\u00eb filluan n\u00eb mbr\u00ebmjen e 16 marsit dhe p\u00ebrfunduan n\u00eb m\u00ebngjesin e 18 marsit, si dhe p\u00ebr t\u00eb siguruar identifikim t\u00eb sakt\u00eb\u201d, theksoi Stankov.<\/p>\n\n\n\n<p>Ai s\u00eb bashku me dekanin e fakultetit u shpreh\u00ebn ngush\u00ebllime familjar\u00ebve t\u00eb t\u00eb ndjerit dhe u uruan sh\u00ebrim t\u00eb shpejt\u00eb t\u00eb l\u00ebnduarve q\u00eb ndodhen n\u00eb spital.<\/p>\n","protected":false},"excerpt":{"rendered":"<p>Dekani i Fakultetit t&euml; Mjek&euml;sis&euml; n&euml; Shkup, Svetozar Antoviq dhe udh&euml;heq&euml;si i Institutit t&euml; Mjek&euml;sis&euml; Ligjore, Aleksandar Stankov, kan&euml; njoftuar sot se pas ngjarjes tragjike n&euml; Ko&ccedil;an, p&euml;r nj&euml; koh&euml; shum&euml; t&euml; shkurt&euml;r jan&euml; kryer 59 autopsi dhe identifikime t&euml; t&euml; vdekurve. Si&ccedil; u theksua n&euml; konferenc&euml;n p&euml;r media, u formuan gjasht&euml; ekipe, t&euml; p&euml;rb&euml;ra [&hellip;]<\/p>\n","protected":false},"author":2,"featured_media":41635,"comment_status":"open","ping_status":"closed","sticky":false,"template":"","format":"standard","meta":{"_monsterinsights_skip_tracking":false,"_monsterinsights_sitenote_active":false,"_monsterinsights_sitenote_note":"","_monsterinsights_sitenote_category":0,"footnotes":""},"categories":[1],"tags":[],"class_list":["post-41832","post","type-post","status-publish","format-standard","has-post-thumbnail","hentry","category-vendi"],"_links":{"self":[{"href":"https:\/\/radiojehona.mk\/index.php?rest_route=\/wp\/v2\/posts\/41832","targetHints":{"allow":["GET"]}}],"collection":[{"href":"https:\/\/radiojehona.mk\/index.php?rest_route=\/wp\/v2\/posts"}],"about":[{"href":"https:\/\/radiojehona.mk\/index.php?rest_route=\/wp\/v2\/types\/post"}],"author":[{"embeddable":true,"href":"https:\/\/radiojehona.mk\/index.php?rest_route=\/wp\/v2\/users\/2"}],"replies":[{"embeddable":true,"href":"https:\/\/radiojehona.mk\/index.php?rest_route=%2Fwp%2Fv2%2Fcomments&post=41832"}],"version-history":[{"count":1,"href":"https:\/\/radiojehona.mk\/index.php?rest_route=\/wp\/v2\/posts\/41832\/revisions"}],"predecessor-version":[{"id":41833,"href":"https:\/\/radiojehona.mk\/index.php?rest_route=\/wp\/v2\/posts\/41832\/revisions\/41833"}],"wp:featuredmedia":[{"embeddable":true,"href":"https:\/\/radiojehona.mk\/index.php?rest_route=\/wp\/v2\/media\/41635"}],"wp:attachment":[{"href":"https:\/\/radiojehona.mk\/index.php?rest_route=%2Fwp%2Fv2%2Fmedia&parent=41832"}],"wp:term":[{"taxonomy":"category","embeddable":true,"href":"https:\/\/radiojehona.mk\/index.php?rest_route=%2Fwp%2Fv2%2Fcategories&post=41832"},{"taxonomy":"post_tag","embeddable":true,"href":"https:\/\/radiojehona.mk\/index.php?rest_route=%2Fwp%2Fv2%2Ftags&post=41832"}],"curies":[{"name":"wp","href":"https:\/\/api.w.org\/{rel}","templated":true}]}}