{"id":41829,"date":"2025-03-20T22:52:23","date_gmt":"2025-03-20T22:52:23","guid":{"rendered":"https:\/\/radiojehona.com\/?p=41829"},"modified":"2025-03-20T22:52:24","modified_gmt":"2025-03-20T22:52:24","slug":"nje-60-vjecar-nga-kumanova-ka-humbur-jeten-nga-shperthimi-i-nje-bombole-gazi","status":"publish","type":"post","link":"https:\/\/radiojehona.mk\/?p=41829","title":{"rendered":"Nj\u00eb 60-vje\u00e7ar nga Kumanova ka humbur jet\u00ebn nga shp\u00ebrthimi i nj\u00eb bombole gazi"},"content":{"rendered":"\n<figure class=\"wp-block-image size-large\"><img fetchpriority=\"high\" decoding=\"async\" width=\"1024\" height=\"613\" src=\"https:\/\/radiojehona.com\/wp-content\/uploads\/2025\/03\/IMG_1123-1024x613.jpeg\" alt=\"\" class=\"wp-image-41830\" srcset=\"https:\/\/radiojehona.mk\/wp-content\/uploads\/2025\/03\/IMG_1123-1024x613.jpeg 1024w, https:\/\/radiojehona.mk\/wp-content\/uploads\/2025\/03\/IMG_1123-300x180.jpeg 300w, https:\/\/radiojehona.mk\/wp-content\/uploads\/2025\/03\/IMG_1123-768x460.jpeg 768w, https:\/\/radiojehona.mk\/wp-content\/uploads\/2025\/03\/IMG_1123.jpeg 1125w\" sizes=\"(max-width: 1024px) 100vw, 1024px\" \/><\/figure>\n\n\n\n<p>Nj\u00eb person ka humbur jet\u00ebn si pasoj\u00eb e shp\u00ebrthimit t\u00eb bombol\u00ebs s\u00eb gazit n\u00eb nj\u00eb sht\u00ebpi familjare n\u00eb Kumanov\u00eb, njoftoi sonte SPB Kumanov\u00eb, raporton SHENJA.<\/p>\n\n\n\n<p>Si\u00e7 njoftoi policia, sot n\u00eb ora 20:23 n\u00eb SPB Kumanov\u00eb \u00ebsht\u00eb raportuar se nga shp\u00ebrthimi i bombol\u00ebs s\u00eb gazit n\u00eb nj\u00eb sht\u00ebpi n\u00eb rrug\u00ebn \u201cGjor\u00e7e Petrov\u201d n\u00eb Kumanov\u00eb ka r\u00ebn\u00eb zjarr.<\/p>\n\n\n\n<p>\u201cNga shp\u00ebrthimi ka nd\u00ebrruar jet\u00eb pronari L.D (60) nga Kumanova. Nj\u00eb mjek ka konstatuar vdekjen, nd\u00ebrsa hetimet jan\u00eb duke vazhduar\u201d, njofton SPB Kumanov\u00eb.<\/p>\n\n\n\n<p>Kujtojm\u00eb se n\u00eb shkurt t\u00eb vitit 2020, 3 f\u00ebmij\u00eb dhe nj\u00eb 60 vje\u00e7ar humb\u00ebn jet\u00ebn, nd\u00ebrkaq 6 persona t\u00eb tjer\u00eb mor\u00ebn l\u00ebndime t\u00eb r\u00ebnda n\u00eb fshatin Rramanli t\u00eb Kumanov\u00ebs, pik\u00ebrisht nga sjp\u00ebrthimi i nj\u00eb bombole gazi.<\/p>\n","protected":false},"excerpt":{"rendered":"<p>Nj&euml; person ka humbur jet&euml;n si pasoj&euml; e shp&euml;rthimit t&euml; bombol&euml;s s&euml; gazit n&euml; nj&euml; sht&euml;pi familjare n&euml; Kumanov&euml;, njoftoi sonte SPB Kumanov&euml;, raporton SHENJA. Si&ccedil; njoftoi policia, sot n&euml; ora 20:23 n&euml; SPB Kumanov&euml; &euml;sht&euml; raportuar se nga shp&euml;rthimi i bombol&euml;s s&euml; gazit n&euml; nj&euml; sht&euml;pi n&euml; rrug&euml;n &ldquo;Gjor&ccedil;e Petrov&rdquo; n&euml; Kumanov&euml; ka r&euml;n&euml; [&hellip;]<\/p>\n","protected":false},"author":2,"featured_media":41830,"comment_status":"open","ping_status":"closed","sticky":false,"template":"","format":"standard","meta":{"_monsterinsights_skip_tracking":false,"_monsterinsights_sitenote_active":false,"_monsterinsights_sitenote_note":"","_monsterinsights_sitenote_category":0,"footnotes":""},"categories":[1],"tags":[],"class_list":["post-41829","post","type-post","status-publish","format-standard","has-post-thumbnail","hentry","category-vendi"],"_links":{"self":[{"href":"https:\/\/radiojehona.mk\/index.php?rest_route=\/wp\/v2\/posts\/41829","targetHints":{"allow":["GET"]}}],"collection":[{"href":"https:\/\/radiojehona.mk\/index.php?rest_route=\/wp\/v2\/posts"}],"about":[{"href":"https:\/\/radiojehona.mk\/index.php?rest_route=\/wp\/v2\/types\/post"}],"author":[{"embeddable":true,"href":"https:\/\/radiojehona.mk\/index.php?rest_route=\/wp\/v2\/users\/2"}],"replies":[{"embeddable":true,"href":"https:\/\/radiojehona.mk\/index.php?rest_route=%2Fwp%2Fv2%2Fcomments&post=41829"}],"version-history":[{"count":1,"href":"https:\/\/radiojehona.mk\/index.php?rest_route=\/wp\/v2\/posts\/41829\/revisions"}],"predecessor-version":[{"id":41831,"href":"https:\/\/radiojehona.mk\/index.php?rest_route=\/wp\/v2\/posts\/41829\/revisions\/41831"}],"wp:featuredmedia":[{"embeddable":true,"href":"https:\/\/radiojehona.mk\/index.php?rest_route=\/wp\/v2\/media\/41830"}],"wp:attachment":[{"href":"https:\/\/radiojehona.mk\/index.php?rest_route=%2Fwp%2Fv2%2Fmedia&parent=41829"}],"wp:term":[{"taxonomy":"category","embeddable":true,"href":"https:\/\/radiojehona.mk\/index.php?rest_route=%2Fwp%2Fv2%2Fcategories&post=41829"},{"taxonomy":"post_tag","embeddable":true,"href":"https:\/\/radiojehona.mk\/index.php?rest_route=%2Fwp%2Fv2%2Ftags&post=41829"}],"curies":[{"name":"wp","href":"https:\/\/api.w.org\/{rel}","templated":true}]}}