{"id":41823,"date":"2025-03-20T16:41:28","date_gmt":"2025-03-20T16:41:28","guid":{"rendered":"https:\/\/radiojehona.com\/?p=41823"},"modified":"2025-03-20T16:41:32","modified_gmt":"2025-03-20T16:41:32","slug":"turqia-do-te-ratifikoje-marreveshjet-ushtarake-me-kosoven-shqiperine-dhe-maqedonine-e-veriut","status":"publish","type":"post","link":"https:\/\/radiojehona.mk\/?p=41823","title":{"rendered":"Turqia do t\u00eb ratifikoj\u00eb marr\u00ebveshjet ushtarake me Kosov\u00ebn, Shqip\u00ebrin\u00eb dhe Maqedonin\u00eb e Veriut"},"content":{"rendered":"\n<figure class=\"wp-block-image size-full\"><img fetchpriority=\"high\" decoding=\"async\" width=\"696\" height=\"428\" src=\"https:\/\/radiojehona.com\/wp-content\/uploads\/2025\/03\/GMax4UNW8AAU7If-696x428-1.jpeg\" alt=\"\" class=\"wp-image-41824\" srcset=\"https:\/\/radiojehona.mk\/wp-content\/uploads\/2025\/03\/GMax4UNW8AAU7If-696x428-1.jpeg 696w, https:\/\/radiojehona.mk\/wp-content\/uploads\/2025\/03\/GMax4UNW8AAU7If-696x428-1-300x184.jpeg 300w\" sizes=\"(max-width: 696px) 100vw, 696px\" \/><\/figure>\n\n\n\n<p>Turqia po p\u00ebrgatitet me shpejt\u00ebsi t\u00eb ratifikoj\u00eb marr\u00ebveshjet korniz\u00eb ushtarake t\u00eb n\u00ebnshkruara me Kosov\u00ebn, Shqip\u00ebrin\u00eb dhe Maqedonin\u00eb e Veriut.<\/p>\n\n\n\n<p>Presidenti turk Recep Tayyip Erdogan i inicioi k\u00ebto marr\u00ebveshje p\u00ebr t\u00eb krijuar nj\u00eb prani m\u00eb t\u00eb fort\u00eb ushtarake turke n\u00eb rajon, raporton media suedeze \u201c<a href=\"https:\/\/nordicmonitor.com\/2025\/03\/turkey-moves-to-ratify-military-agreements-with-three-balkan-nations-surrounding-greece\/\">Nordic Monitor<\/a>\u201d.<\/p>\n\n\n\n<p>Sipas \u201cNordic Monitor\u201d, marr\u00ebveshjet leht\u00ebsojn\u00eb shk\u00ebmbimet e personelit, k\u00ebrkimin e p\u00ebrbashk\u00ebt n\u00eb shkenc\u00ebn dhe teknologjin\u00eb ushtarake dhe bashk\u00ebpunimin operacional n\u00eb ndihm\u00ebn humanitare dhe misionet e ndihm\u00ebs ndaj fatkeq\u00ebsive.<\/p>\n\n\n\n<p>Raporti citon gjeneralin e brigad\u00ebs Esat Mahmut Y\u0131lmaz, kreun e Drejtoris\u00eb s\u00eb P\u00ebrgjithshme t\u00eb Sh\u00ebrbimeve Ligjore n\u00eb Ministrin\u00eb e Mbrojtjes s\u00eb Turqis\u00eb. Sipas Y\u0131lmaz, Turqia ka konsoliduar tre marr\u00ebveshje, fillimisht t\u00eb negociuara ve\u00e7mas, n\u00eb nj\u00eb kuad\u00ebr t\u00eb vet\u00ebm p\u00ebr t\u00eb p\u00ebrshpejtuar angazhimin n\u00eb operacionet ushtarake t\u00eb huaja.<\/p>\n\n\n\n<p>Pasi t\u00eb ratifikohen, marr\u00ebveshjet do t\u00eb lejojn\u00eb ushtrin\u00eb turke t\u00eb n\u00ebnshkruaj\u00eb marr\u00ebveshje dyt\u00ebsore me partner\u00ebt e huaj pa miratim shtes\u00eb parlamentar. Kjo metod\u00eb zgjeron aktivitetet ushtarake t\u00eb Turqis\u00eb jasht\u00eb shtetit.<\/p>\n","protected":false},"excerpt":{"rendered":"<p>Turqia po p&euml;rgatitet me shpejt&euml;si t&euml; ratifikoj&euml; marr&euml;veshjet korniz&euml; ushtarake t&euml; n&euml;nshkruara me Kosov&euml;n, Shqip&euml;rin&euml; dhe Maqedonin&euml; e Veriut. Presidenti turk Recep Tayyip Erdogan i inicioi k&euml;to marr&euml;veshje p&euml;r t&euml; krijuar nj&euml; prani m&euml; t&euml; fort&euml; ushtarake turke n&euml; rajon, raporton media suedeze &ldquo;Nordic Monitor&rdquo;. Sipas &ldquo;Nordic Monitor&rdquo;, marr&euml;veshjet leht&euml;sojn&euml; shk&euml;mbimet e personelit, k&euml;rkimin e [&hellip;]<\/p>\n","protected":false},"author":2,"featured_media":41824,"comment_status":"open","ping_status":"closed","sticky":false,"template":"","format":"standard","meta":{"_monsterinsights_skip_tracking":false,"_monsterinsights_sitenote_active":false,"_monsterinsights_sitenote_note":"","_monsterinsights_sitenote_category":0,"footnotes":""},"categories":[1],"tags":[],"class_list":["post-41823","post","type-post","status-publish","format-standard","has-post-thumbnail","hentry","category-vendi"],"_links":{"self":[{"href":"https:\/\/radiojehona.mk\/index.php?rest_route=\/wp\/v2\/posts\/41823","targetHints":{"allow":["GET"]}}],"collection":[{"href":"https:\/\/radiojehona.mk\/index.php?rest_route=\/wp\/v2\/posts"}],"about":[{"href":"https:\/\/radiojehona.mk\/index.php?rest_route=\/wp\/v2\/types\/post"}],"author":[{"embeddable":true,"href":"https:\/\/radiojehona.mk\/index.php?rest_route=\/wp\/v2\/users\/2"}],"replies":[{"embeddable":true,"href":"https:\/\/radiojehona.mk\/index.php?rest_route=%2Fwp%2Fv2%2Fcomments&post=41823"}],"version-history":[{"count":1,"href":"https:\/\/radiojehona.mk\/index.php?rest_route=\/wp\/v2\/posts\/41823\/revisions"}],"predecessor-version":[{"id":41825,"href":"https:\/\/radiojehona.mk\/index.php?rest_route=\/wp\/v2\/posts\/41823\/revisions\/41825"}],"wp:featuredmedia":[{"embeddable":true,"href":"https:\/\/radiojehona.mk\/index.php?rest_route=\/wp\/v2\/media\/41824"}],"wp:attachment":[{"href":"https:\/\/radiojehona.mk\/index.php?rest_route=%2Fwp%2Fv2%2Fmedia&parent=41823"}],"wp:term":[{"taxonomy":"category","embeddable":true,"href":"https:\/\/radiojehona.mk\/index.php?rest_route=%2Fwp%2Fv2%2Fcategories&post=41823"},{"taxonomy":"post_tag","embeddable":true,"href":"https:\/\/radiojehona.mk\/index.php?rest_route=%2Fwp%2Fv2%2Ftags&post=41823"}],"curies":[{"name":"wp","href":"https:\/\/api.w.org\/{rel}","templated":true}]}}