{"id":41818,"date":"2025-03-20T16:39:41","date_gmt":"2025-03-20T16:39:41","guid":{"rendered":"https:\/\/radiojehona.com\/?p=41818"},"modified":"2025-03-20T16:39:43","modified_gmt":"2025-03-20T16:39:43","slug":"qeveria-serish-me-thirrje-mediat-qe-kane-emituar-materiale-nga-varrimi-i-viktimave-kunder-rekomandimeve-ti-largojne-permbajtjet-dhe-te-mos-i-shperndajne","status":"publish","type":"post","link":"https:\/\/radiojehona.mk\/?p=41818","title":{"rendered":"Qeveria s\u00ebrish me thirrje: Mediat q\u00eb kan\u00eb emituar materiale nga varrimi i viktimave kund\u00ebr rekomandimeve t\u2019i largojn\u00eb p\u00ebrmbajtjet dhe t\u00eb mos i shp\u00ebrndajn\u00eb"},"content":{"rendered":"\n<figure class=\"wp-block-image size-full\"><img fetchpriority=\"high\" decoding=\"async\" width=\"696\" height=\"420\" src=\"https:\/\/radiojehona.com\/wp-content\/uploads\/2025\/03\/QEVERIA-780x470-1-696x420-1.jpg\" alt=\"\" class=\"wp-image-41820\" srcset=\"https:\/\/radiojehona.mk\/wp-content\/uploads\/2025\/03\/QEVERIA-780x470-1-696x420-1.jpg 696w, https:\/\/radiojehona.mk\/wp-content\/uploads\/2025\/03\/QEVERIA-780x470-1-696x420-1-300x181.jpg 300w\" sizes=\"(max-width: 696px) 100vw, 696px\" \/><\/figure>\n\n\n\n<p>Qeveria e Maqedonis\u00eb s\u00eb Veriut edhe nj\u00eb her\u00eb ka p\u00ebrs\u00ebritur thirrje drejtuar ekipeve mediatike q\u00eb mor\u00ebn pjes\u00eb n\u00eb varrimin e sot\u00ebm t\u00eb viktimave t\u00eb zjarrit tragjik q\u00eb ndodhi n\u00eb diskotek\u00ebn e Ko\u00e7anit, q\u00eb t\u2019u p\u00ebrmbahen parimeve etike.<\/p>\n\n\n\n<p>Nga Qeveria thon\u00eb se pjesa m\u00eb e madhe e mediave nuk transmetojn\u00eb dhe nuk shp\u00ebrndajn\u00eb foto dhe video materiale nga familjar\u00ebt e viktimave, nd\u00ebrsa ata q\u00eb kan\u00eb publikuar p\u00ebrmbajtje t\u00eb tilla edhe nj\u00ebher\u00eb apelojn\u00eb t\u2019i p\u00ebrmbahen informimit etik.<\/p>\n\n\n\n<p>\u201cNdjeshm\u00ebria e tragjedis\u00eb dhe dhimbja personale e familjeve n\u00eb k\u00ebt\u00eb moment nuk duhet t\u00eb jet\u00eb sh\u00ebnjest\u00ebr e sensacionalizmit, narrativeve emocionale, fotove dhe videove. Ftojm\u00eb mediat q\u00eb t\u00eb respektoj\u00eb privat\u00ebsin\u00eb dhe dinjitetin e familjeve dhe n\u00eb asnj\u00eb rast me raportimin mediatik nuk duhet t\u00eb shkaktohet shqet\u00ebsim personal dhe shqet\u00ebsim t\u00eb opinionit\u201d.<\/p>\n\n\n\n<p>\u201cEdhe nj\u00eb her\u00eb apelojm\u00eb deri te mediat q\u00eb t\u00eb raportojn\u00eb fakte t\u00eb verifikuara, t\u00eb shmangin spekulimet dhe dezinformatat, t\u00eb respektojn\u00eb privat\u00ebsin\u00eb e familjeve t\u00eb viktimave. Nj\u00ebkoh\u00ebsisht fal\u00ebnderojm\u00eb mediat q\u00eb raportuan n\u00eb m\u00ebnyr\u00eb profesionale dhe respektuan rekomandimet p\u00ebr raportim nga varrimi i viktimave t\u00eb ngjarjes tragjike\u201d, thon\u00eb nga Qeveria.<\/p>\n","protected":false},"excerpt":{"rendered":"<p>Qeveria e Maqedonis&euml; s&euml; Veriut edhe nj&euml; her&euml; ka p&euml;rs&euml;ritur thirrje drejtuar ekipeve mediatike q&euml; mor&euml;n pjes&euml; n&euml; varrimin e sot&euml;m t&euml; viktimave t&euml; zjarrit tragjik q&euml; ndodhi n&euml; diskotek&euml;n e Ko&ccedil;anit, q&euml; t&rsquo;u p&euml;rmbahen parimeve etike. Nga Qeveria thon&euml; se pjesa m&euml; e madhe e mediave nuk transmetojn&euml; dhe nuk shp&euml;rndajn&euml; foto dhe video [&hellip;]<\/p>\n","protected":false},"author":2,"featured_media":41820,"comment_status":"open","ping_status":"closed","sticky":false,"template":"","format":"standard","meta":{"_monsterinsights_skip_tracking":false,"_monsterinsights_sitenote_active":false,"_monsterinsights_sitenote_note":"","_monsterinsights_sitenote_category":0,"footnotes":""},"categories":[1],"tags":[],"class_list":["post-41818","post","type-post","status-publish","format-standard","has-post-thumbnail","hentry","category-vendi"],"_links":{"self":[{"href":"https:\/\/radiojehona.mk\/index.php?rest_route=\/wp\/v2\/posts\/41818","targetHints":{"allow":["GET"]}}],"collection":[{"href":"https:\/\/radiojehona.mk\/index.php?rest_route=\/wp\/v2\/posts"}],"about":[{"href":"https:\/\/radiojehona.mk\/index.php?rest_route=\/wp\/v2\/types\/post"}],"author":[{"embeddable":true,"href":"https:\/\/radiojehona.mk\/index.php?rest_route=\/wp\/v2\/users\/2"}],"replies":[{"embeddable":true,"href":"https:\/\/radiojehona.mk\/index.php?rest_route=%2Fwp%2Fv2%2Fcomments&post=41818"}],"version-history":[{"count":2,"href":"https:\/\/radiojehona.mk\/index.php?rest_route=\/wp\/v2\/posts\/41818\/revisions"}],"predecessor-version":[{"id":41822,"href":"https:\/\/radiojehona.mk\/index.php?rest_route=\/wp\/v2\/posts\/41818\/revisions\/41822"}],"wp:featuredmedia":[{"embeddable":true,"href":"https:\/\/radiojehona.mk\/index.php?rest_route=\/wp\/v2\/media\/41820"}],"wp:attachment":[{"href":"https:\/\/radiojehona.mk\/index.php?rest_route=%2Fwp%2Fv2%2Fmedia&parent=41818"}],"wp:term":[{"taxonomy":"category","embeddable":true,"href":"https:\/\/radiojehona.mk\/index.php?rest_route=%2Fwp%2Fv2%2Fcategories&post=41818"},{"taxonomy":"post_tag","embeddable":true,"href":"https:\/\/radiojehona.mk\/index.php?rest_route=%2Fwp%2Fv2%2Ftags&post=41818"}],"curies":[{"name":"wp","href":"https:\/\/api.w.org\/{rel}","templated":true}]}}