{"id":41814,"date":"2025-03-20T16:38:15","date_gmt":"2025-03-20T16:38:15","guid":{"rendered":"https:\/\/radiojehona.com\/?p=41814"},"modified":"2025-03-20T16:38:18","modified_gmt":"2025-03-20T16:38:18","slug":"nje-djale-nga-tetova-mendonte-se-do-te-takonte-nje-grua-me-te-cilen-kishte-komunikuar-por-e-priten-dy-persona-dhe-e-sulmuan","status":"publish","type":"post","link":"https:\/\/radiojehona.mk\/?p=41814","title":{"rendered":"Nj\u00eb djal\u00eb nga Tetova mendonte se do t\u00eb takonte nj\u00eb grua me t\u00eb cil\u00ebn kishte komunikuar, por e prit\u00ebn dy persona dhe e sulmuan."},"content":{"rendered":"\n<figure class=\"wp-block-image size-full\"><img fetchpriority=\"high\" decoding=\"async\" width=\"600\" height=\"358\" src=\"https:\/\/radiojehona.com\/wp-content\/uploads\/2025\/03\/Rrahje.jpg\" alt=\"\" class=\"wp-image-41815\" srcset=\"https:\/\/radiojehona.mk\/wp-content\/uploads\/2025\/03\/Rrahje.jpg 600w, https:\/\/radiojehona.mk\/wp-content\/uploads\/2025\/03\/Rrahje-300x179.jpg 300w\" sizes=\"(max-width: 600px) 100vw, 600px\" \/><\/figure>\n\n\n\n<p>Nj\u00ebzet e shtat\u00eb vje\u00e7ari nga Tetova ka raportuar se \u00ebsht\u00eb sulmuar nga dy persona kur ka arritur n\u00eb fshatin Arnakij\u00eb t\u00eb komun\u00ebs s\u00eb Sarajit.<\/p>\n\n\n\n<p>Sipas informacioneve t\u00eb MPB-s\u00eb, ai ka mb\u00ebrritur k\u00ebtu pas marr\u00ebveshjes paraprake p\u00ebr t\u2019u takuar me nj\u00eb grua me t\u00eb cil\u00ebn ka pasur korrespodenc\u00eb n\u00eb rrjetet sociale, \u00ebsht\u00eb sulmuar fizikisht nga dy persona t\u00eb cil\u00ebt e kan\u00eb k\u00ebrc\u00ebnuar edhe me arm\u00eb zjarri dhe m\u00eb pas nj\u00ebri prej tyre i ka d\u00ebmtuar me send t\u00eb fort\u00eb automjetin e tij Volkswagen Golf 5 me targa tetovare.<\/p>\n\n\n\n<p>Po merren masa p\u00ebr zbardhjen e rastit.<\/p>\n","protected":false},"excerpt":{"rendered":"<p>Nj&euml;zet e shtat&euml; vje&ccedil;ari nga Tetova ka raportuar se &euml;sht&euml; sulmuar nga dy persona kur ka arritur n&euml; fshatin Arnakij&euml; t&euml; komun&euml;s s&euml; Sarajit. Sipas informacioneve t&euml; MPB-s&euml;, ai ka mb&euml;rritur k&euml;tu pas marr&euml;veshjes paraprake p&euml;r t&rsquo;u takuar me nj&euml; grua me t&euml; cil&euml;n ka pasur korrespodenc&euml; n&euml; rrjetet sociale, &euml;sht&euml; sulmuar fizikisht nga dy [&hellip;]<\/p>\n","protected":false},"author":2,"featured_media":41815,"comment_status":"open","ping_status":"closed","sticky":false,"template":"","format":"standard","meta":{"_monsterinsights_skip_tracking":false,"_monsterinsights_sitenote_active":false,"_monsterinsights_sitenote_note":"","_monsterinsights_sitenote_category":0,"footnotes":""},"categories":[1],"tags":[],"class_list":["post-41814","post","type-post","status-publish","format-standard","has-post-thumbnail","hentry","category-vendi"],"_links":{"self":[{"href":"https:\/\/radiojehona.mk\/index.php?rest_route=\/wp\/v2\/posts\/41814","targetHints":{"allow":["GET"]}}],"collection":[{"href":"https:\/\/radiojehona.mk\/index.php?rest_route=\/wp\/v2\/posts"}],"about":[{"href":"https:\/\/radiojehona.mk\/index.php?rest_route=\/wp\/v2\/types\/post"}],"author":[{"embeddable":true,"href":"https:\/\/radiojehona.mk\/index.php?rest_route=\/wp\/v2\/users\/2"}],"replies":[{"embeddable":true,"href":"https:\/\/radiojehona.mk\/index.php?rest_route=%2Fwp%2Fv2%2Fcomments&post=41814"}],"version-history":[{"count":2,"href":"https:\/\/radiojehona.mk\/index.php?rest_route=\/wp\/v2\/posts\/41814\/revisions"}],"predecessor-version":[{"id":41817,"href":"https:\/\/radiojehona.mk\/index.php?rest_route=\/wp\/v2\/posts\/41814\/revisions\/41817"}],"wp:featuredmedia":[{"embeddable":true,"href":"https:\/\/radiojehona.mk\/index.php?rest_route=\/wp\/v2\/media\/41815"}],"wp:attachment":[{"href":"https:\/\/radiojehona.mk\/index.php?rest_route=%2Fwp%2Fv2%2Fmedia&parent=41814"}],"wp:term":[{"taxonomy":"category","embeddable":true,"href":"https:\/\/radiojehona.mk\/index.php?rest_route=%2Fwp%2Fv2%2Fcategories&post=41814"},{"taxonomy":"post_tag","embeddable":true,"href":"https:\/\/radiojehona.mk\/index.php?rest_route=%2Fwp%2Fv2%2Ftags&post=41814"}],"curies":[{"name":"wp","href":"https:\/\/api.w.org\/{rel}","templated":true}]}}