{"id":41810,"date":"2025-03-20T16:36:19","date_gmt":"2025-03-20T16:36:19","guid":{"rendered":"https:\/\/radiojehona.com\/?p=41810"},"modified":"2025-03-20T16:36:20","modified_gmt":"2025-03-20T16:36:20","slug":"kocevski-te-gjitha-provat-per-rastin-ne-kocan-tregojne-per-krime-te-renda-kunder-sigurise-publike","status":"publish","type":"post","link":"https:\/\/radiojehona.mk\/?p=41810","title":{"rendered":"Kocevski: T\u00eb gjitha provat p\u00ebr rastin n\u00eb Ko\u00e7an tregojn\u00eb p\u00ebr krime t\u00eb r\u00ebnda kund\u00ebr siguris\u00eb publike"},"content":{"rendered":"\n<figure class=\"wp-block-image size-full\"><img fetchpriority=\"high\" decoding=\"async\" width=\"696\" height=\"392\" src=\"https:\/\/radiojehona.com\/wp-content\/uploads\/2025\/03\/kocevski-780x439-1-696x392-1.png\" alt=\"\" class=\"wp-image-41811\" srcset=\"https:\/\/radiojehona.mk\/wp-content\/uploads\/2025\/03\/kocevski-780x439-1-696x392-1.png 696w, https:\/\/radiojehona.mk\/wp-content\/uploads\/2025\/03\/kocevski-780x439-1-696x392-1-300x169.png 300w\" sizes=\"(max-width: 696px) 100vw, 696px\" \/><\/figure>\n\n\n\n<p>Kjo tragjedi ka p\u00ebrmasat e nj\u00eb katastrofe komb\u00ebtare. Jo vet\u00ebm q\u00eb politika nuk ka vend k\u00ebtu, por nj\u00eb abuzim i till\u00eb i tragjedis\u00eb \u00ebsht\u00eb absolutisht i papranuesh\u00ebm. Duhet t\u00eb jemi t\u00eb bashkuar, sepse q\u00ebllimi yn\u00eb i p\u00ebrbashk\u00ebt \u00ebsht\u00eb t\u00eb nd\u00ebshkojm\u00eb t\u00eb gjith\u00eb p\u00ebrgjegj\u00ebsit dhe t\u00eb sigurojm\u00eb q\u00eb nj\u00eb tragjedi e till\u00eb t\u00eb mos p\u00ebrs\u00ebritet m\u00eb, tha prokurori publik shtet\u00ebror i Republik\u00ebs s\u00eb Maqedonis\u00eb s\u00eb Veriut, Ljup\u00e7o Kocevski.<\/p>\n\n\n\n<p>N\u00eb nj\u00eb intervist\u00eb p\u00ebr \u201cPolitika\u201d t\u00eb Beogradit, Kocevski thot\u00eb se mosrespektimi i ligjit \u00ebsht\u00eb toleruar shum\u00eb gjat\u00eb, tani t\u00eb gjith\u00eb k\u00ebrkojn\u00eb drejt\u00ebsi dhe drejt\u00ebsia duhet t\u00eb vendoset.<\/p>\n\n\n\n<p>\u201cD\u00ebshmit\u00eb q\u00eb mbledhim \u00e7do dit\u00eb tregojn\u00eb se rr\u00ebnja \u00ebsht\u00eb n\u00eb fakt nj\u00eb g\u00ebrryerje e p\u00ebrgjithshme e sistemit, nj\u00eb kultur\u00eb e mosrespektimit t\u00eb ligjit dhe rregullave, por edhe nj\u00eb korrupsion i thell\u00eb sistemik. Prokuroria, p\u00ebr fat t\u00eb keq, nuk \u00ebsht\u00eb organ parandalimi, por represioni. A mund t\u00eb parandalohej nj\u00eb epilog i till\u00eb dhe si? Un\u00eb do t\u00eb thoja, ndoshta. Por tani na mbetet neve t\u00eb p\u00ebrballemi me pasojat, t\u2019i nd\u00ebshkojm\u00eb p\u00ebrgjegj\u00ebsit e k\u00ebsaj katastrofe dhe t\u00eb parandalojm\u00eb q\u00eb nj\u00eb tragjedi e till\u00eb t\u00eb p\u00ebrs\u00ebritet\u201d, thekson Kocevski.<\/p>\n\n\n\n<p>Sipas tij, e p\u00ebrbashk\u00ebta me ngjarjet tragjike me t\u00eb cilat jemi p\u00ebrballur vitet e fundit \u00ebsht\u00eb se p\u00ebrve\u00e7 shkakut t\u00eb drejtp\u00ebrdrejt\u00eb t\u00eb fatkeq\u00ebsis\u00eb, shpesh ka edhe nj\u00eb shkak shtes\u00eb n\u00eb form\u00ebn e mosrespektimit t\u00eb ligjit dhe korrupsionit sistemik, q\u00eb, si\u00e7 thot\u00eb ai, rrit ndjesh\u00ebm pasojat katastrofike.<\/p>\n\n\n\n<p>Nga tragjedia n\u00eb Ko\u00e7an humb\u00ebn jet\u00ebn 59 persona dhe disa qindra t\u00eb tjer\u00eb u l\u00ebnduan.\/Telegrafi\/<\/p>\n","protected":false},"excerpt":{"rendered":"<p>Kjo tragjedi ka p&euml;rmasat e nj&euml; katastrofe komb&euml;tare. Jo vet&euml;m q&euml; politika nuk ka vend k&euml;tu, por nj&euml; abuzim i till&euml; i tragjedis&euml; &euml;sht&euml; absolutisht i papranuesh&euml;m. Duhet t&euml; jemi t&euml; bashkuar, sepse q&euml;llimi yn&euml; i p&euml;rbashk&euml;t &euml;sht&euml; t&euml; nd&euml;shkojm&euml; t&euml; gjith&euml; p&euml;rgjegj&euml;sit dhe t&euml; sigurojm&euml; q&euml; nj&euml; tragjedi e till&euml; t&euml; mos p&euml;rs&euml;ritet m&euml;, [&hellip;]<\/p>\n","protected":false},"author":2,"featured_media":41811,"comment_status":"open","ping_status":"closed","sticky":false,"template":"","format":"standard","meta":{"_monsterinsights_skip_tracking":false,"_monsterinsights_sitenote_active":false,"_monsterinsights_sitenote_note":"","_monsterinsights_sitenote_category":0,"footnotes":""},"categories":[1],"tags":[],"class_list":["post-41810","post","type-post","status-publish","format-standard","has-post-thumbnail","hentry","category-vendi"],"_links":{"self":[{"href":"https:\/\/radiojehona.mk\/index.php?rest_route=\/wp\/v2\/posts\/41810","targetHints":{"allow":["GET"]}}],"collection":[{"href":"https:\/\/radiojehona.mk\/index.php?rest_route=\/wp\/v2\/posts"}],"about":[{"href":"https:\/\/radiojehona.mk\/index.php?rest_route=\/wp\/v2\/types\/post"}],"author":[{"embeddable":true,"href":"https:\/\/radiojehona.mk\/index.php?rest_route=\/wp\/v2\/users\/2"}],"replies":[{"embeddable":true,"href":"https:\/\/radiojehona.mk\/index.php?rest_route=%2Fwp%2Fv2%2Fcomments&post=41810"}],"version-history":[{"count":2,"href":"https:\/\/radiojehona.mk\/index.php?rest_route=\/wp\/v2\/posts\/41810\/revisions"}],"predecessor-version":[{"id":41813,"href":"https:\/\/radiojehona.mk\/index.php?rest_route=\/wp\/v2\/posts\/41810\/revisions\/41813"}],"wp:featuredmedia":[{"embeddable":true,"href":"https:\/\/radiojehona.mk\/index.php?rest_route=\/wp\/v2\/media\/41811"}],"wp:attachment":[{"href":"https:\/\/radiojehona.mk\/index.php?rest_route=%2Fwp%2Fv2%2Fmedia&parent=41810"}],"wp:term":[{"taxonomy":"category","embeddable":true,"href":"https:\/\/radiojehona.mk\/index.php?rest_route=%2Fwp%2Fv2%2Fcategories&post=41810"},{"taxonomy":"post_tag","embeddable":true,"href":"https:\/\/radiojehona.mk\/index.php?rest_route=%2Fwp%2Fv2%2Ftags&post=41810"}],"curies":[{"name":"wp","href":"https:\/\/api.w.org\/{rel}","templated":true}]}}