{"id":41801,"date":"2025-03-20T12:17:49","date_gmt":"2025-03-20T12:17:49","guid":{"rendered":"https:\/\/radiojehona.com\/?p=41801"},"modified":"2025-03-20T12:17:50","modified_gmt":"2025-03-20T12:17:50","slug":"rinia-dhe-mergata-e-fshatit-gradec-ndane-mbi-400-pako-per-ramazan","status":"publish","type":"post","link":"https:\/\/radiojehona.mk\/?p=41801","title":{"rendered":"Rinia dhe m\u00ebrgata e fshatit Gradec ndan\u00eb mbi 400 pako p\u00ebr Ramazan"},"content":{"rendered":"\n<figure class=\"wp-block-image size-full\"><img fetchpriority=\"high\" decoding=\"async\" width=\"750\" height=\"430\" src=\"https:\/\/radiojehona.com\/wp-content\/uploads\/2025\/03\/01-2-750x430-1.jpg\" alt=\"\" class=\"wp-image-41802\" srcset=\"https:\/\/radiojehona.mk\/wp-content\/uploads\/2025\/03\/01-2-750x430-1.jpg 750w, https:\/\/radiojehona.mk\/wp-content\/uploads\/2025\/03\/01-2-750x430-1-300x172.jpg 300w\" sizes=\"(max-width: 750px) 100vw, 750px\" \/><\/figure>\n\n\n\n<p>Rinia e fshatit Gradec t\u00eb komun\u00ebs s\u00eb Vrap\u00e7ishtit n\u00eb bashk\u00ebpunim me m\u00ebrgat\u00ebn e k\u00ebtij fshati, gjat\u00eb muajit t\u00eb Ramazanit kan\u00eb ndar\u00eb mbi 400 pako p\u00ebr familjet n\u00eb nevoj\u00eb dhe ato me t\u00eb ardhura t\u00eb ul\u00ebta. Pakot p\u00ebrfshijn\u00eb produkte elementare ushqimore dhe higjienike. Ky aksion tashm\u00eb \u00ebsht\u00eb b\u00ebr\u00eb tradicional nga ana e t\u00eb rinjve dhe m\u00ebrgat\u00ebs, t\u00eb cil\u00ebt p\u00ebrmes donacioneve, mund\u00ebsojn\u00eb q\u00eb sadopak, familjet m\u00eb t\u00eb ndjeshme financiarisht, ta kalojn\u00eb k\u00ebt\u00eb muaj me leht\u00ebsi.<\/p>\n\n\n\n<figure class=\"wp-block-image\"><img decoding=\"async\" src=\"https:\/\/tetovasot.com\/wp-content\/uploads\/2025\/03\/01-2.jpg\" alt=\"\" class=\"wp-image-2224315\"\/><\/figure>\n\n\n\n<figure class=\"wp-block-image\"><img decoding=\"async\" src=\"https:\/\/tetovasot.com\/wp-content\/uploads\/2025\/03\/03.jpg\" alt=\"\" class=\"wp-image-2224316\"\/><\/figure>\n\n\n\n<figure class=\"wp-block-image\"><img decoding=\"async\" src=\"https:\/\/ads.tetovasot.com\/www\/delivery\/lg.php?bannerid=0&amp;campaignid=0&amp;zoneid=258&amp;loc=https%3A%2F%2Ftetovasot.com%2F2025%2F03%2Frinia-dhe-mergata-e-fshatit-gradec-ndane-mbi-400-pako-per-ramazan%2F&amp;referer=https%3A%2F%2Ffax.al%2F&amp;cb=ff0024754b\" alt=\"\"\/><\/figure>\n\n\n\n<p><\/p>\n","protected":false},"excerpt":{"rendered":"<p>Rinia e fshatit Gradec t&euml; komun&euml;s s&euml; Vrap&ccedil;ishtit n&euml; bashk&euml;punim me m&euml;rgat&euml;n e k&euml;tij fshati, gjat&euml; muajit t&euml; Ramazanit kan&euml; ndar&euml; mbi 400 pako p&euml;r familjet n&euml; nevoj&euml; dhe ato me t&euml; ardhura t&euml; ul&euml;ta. Pakot p&euml;rfshijn&euml; produkte elementare ushqimore dhe higjienike. Ky aksion tashm&euml; &euml;sht&euml; b&euml;r&euml; tradicional nga ana e t&euml; rinjve dhe m&euml;rgat&euml;s, [&hellip;]<\/p>\n","protected":false},"author":2,"featured_media":41802,"comment_status":"open","ping_status":"closed","sticky":false,"template":"","format":"standard","meta":{"_monsterinsights_skip_tracking":false,"_monsterinsights_sitenote_active":false,"_monsterinsights_sitenote_note":"","_monsterinsights_sitenote_category":0,"footnotes":""},"categories":[1],"tags":[],"class_list":["post-41801","post","type-post","status-publish","format-standard","has-post-thumbnail","hentry","category-vendi"],"_links":{"self":[{"href":"https:\/\/radiojehona.mk\/index.php?rest_route=\/wp\/v2\/posts\/41801","targetHints":{"allow":["GET"]}}],"collection":[{"href":"https:\/\/radiojehona.mk\/index.php?rest_route=\/wp\/v2\/posts"}],"about":[{"href":"https:\/\/radiojehona.mk\/index.php?rest_route=\/wp\/v2\/types\/post"}],"author":[{"embeddable":true,"href":"https:\/\/radiojehona.mk\/index.php?rest_route=\/wp\/v2\/users\/2"}],"replies":[{"embeddable":true,"href":"https:\/\/radiojehona.mk\/index.php?rest_route=%2Fwp%2Fv2%2Fcomments&post=41801"}],"version-history":[{"count":2,"href":"https:\/\/radiojehona.mk\/index.php?rest_route=\/wp\/v2\/posts\/41801\/revisions"}],"predecessor-version":[{"id":41804,"href":"https:\/\/radiojehona.mk\/index.php?rest_route=\/wp\/v2\/posts\/41801\/revisions\/41804"}],"wp:featuredmedia":[{"embeddable":true,"href":"https:\/\/radiojehona.mk\/index.php?rest_route=\/wp\/v2\/media\/41802"}],"wp:attachment":[{"href":"https:\/\/radiojehona.mk\/index.php?rest_route=%2Fwp%2Fv2%2Fmedia&parent=41801"}],"wp:term":[{"taxonomy":"category","embeddable":true,"href":"https:\/\/radiojehona.mk\/index.php?rest_route=%2Fwp%2Fv2%2Fcategories&post=41801"},{"taxonomy":"post_tag","embeddable":true,"href":"https:\/\/radiojehona.mk\/index.php?rest_route=%2Fwp%2Fv2%2Ftags&post=41801"}],"curies":[{"name":"wp","href":"https:\/\/api.w.org\/{rel}","templated":true}]}}