{"id":41789,"date":"2025-03-20T12:11:55","date_gmt":"2025-03-20T12:11:55","guid":{"rendered":"https:\/\/radiojehona.com\/?p=41789"},"modified":"2025-03-20T12:11:56","modified_gmt":"2025-03-20T12:11:56","slug":"familjar-miq-e-bashkeqytetare-te-te-vdekurve-nga-kocani-po-u-afrohen-varrezave-per-tiu-dhene-lamtumiren-e-fundit","status":"publish","type":"post","link":"https:\/\/radiojehona.mk\/?p=41789","title":{"rendered":"Familjar, miq e bashk\u00ebqytetar\u00eb t\u00eb t\u00eb vdekurve nga Ko\u00e7ani po u afrohen varrezave p\u00ebr t\u2019iu dh\u00ebn\u00eb lamtumir\u00ebn e fundit"},"content":{"rendered":"\n<figure class=\"wp-block-image size-full\"><img fetchpriority=\"high\" decoding=\"async\" width=\"780\" height=\"470\" src=\"https:\/\/radiojehona.com\/wp-content\/uploads\/2025\/03\/Screenshot-2025-03-20-120151-780x470-1.webp\" alt=\"\" class=\"wp-image-41790\" srcset=\"https:\/\/radiojehona.mk\/wp-content\/uploads\/2025\/03\/Screenshot-2025-03-20-120151-780x470-1.webp 780w, https:\/\/radiojehona.mk\/wp-content\/uploads\/2025\/03\/Screenshot-2025-03-20-120151-780x470-1-300x181.webp 300w, https:\/\/radiojehona.mk\/wp-content\/uploads\/2025\/03\/Screenshot-2025-03-20-120151-780x470-1-768x463.webp 768w\" sizes=\"(max-width: 780px) 100vw, 780px\" \/><\/figure>\n\n\n\n<p><strong>Kortezhi i viktimave nga Ko\u00e7ani po i afrohen dal\u00ebngadal\u00eb varrezave t\u00eb qytetit. Kortezhi drejtohet nga t\u00eb rinj q\u00eb mbajn\u00eb fotot e disa prej atyre q\u00eb humb\u00ebn jet\u00ebn nga zjarri, shkruan&nbsp;360 Grad\u00eb, transmeton Top24.<\/strong><\/p>\n\n\n\n<p>Pas tyre shkojn\u00eb automjetet e varrimit me trupat e t\u00eb vdekurve.<\/p>\n\n\n\n<p>T\u00eb gjitha rrug\u00ebt e Ko\u00e7anit jan\u00eb mbushur plot me njer\u00ebz q\u00eb po shkojn\u00eb drejt varrezave t\u00eb qytetit p\u00ebr t\u2019i dh\u00ebn\u00eb nderimet e fundit t\u00eb t\u00eb vdekurve. Ata mbajn\u00eb lule n\u00eb duar, me v\u00ebshtrim t\u00eb heshtur, me lot n\u00eb sy.<\/p>\n\n\n\n<p>Ka prani t\u00eb shtuar t\u00eb policis\u00eb p\u00ebr sigurimin e ngjarjes.<\/p>\n\n\n\n<p>Deri m\u00eb tani, gjith\u00e7ka po shkon&nbsp; mir\u00eb, n\u00eb rregull. Shumica e ekipeve t\u00eb mediave jan\u00eb n\u00eb rrug\u00ebn kryesore nga ku mund t\u00eb filmonin kortezhin, por m\u00eb posht\u00eb, si\u00e7 edhe b\u00ebn\u00eb thirrje autoritetet, nuk ka pothuajse asnj\u00eb ekip gazetar\u00ebsh pran\u00eb varrezave.<\/p>\n\n\n\n<figure class=\"wp-block-embed is-type-video is-provider-youtube wp-block-embed-youtube wp-embed-aspect-16-9 wp-has-aspect-ratio\"><div class=\"wp-block-embed__wrapper\">\n<iframe title=\"\u0412\u043e \u041a\u043e\u0447\u0430\u043d\u0438 \u045c\u0435 \u0431\u0438\u0434\u0430\u0442 \u043f\u043e\u0433\u0440\u0435\u0431\u0430\u043d\u0438 \u0437\u0430\u0433\u0438\u043d\u0430\u0442\u0438\u0442\u0435 \u0432\u043e \u043f\u043e\u0436\u0430\u0440\u043e\u0442 \u0432\u043e \u0434\u0438\u0441\u043a\u043e\u0442\u0435\u043a\u0430\u0442\u0430 \u201e\u041f\u0443\u043b\u0441\u201c\" width=\"640\" height=\"360\" src=\"https:\/\/www.youtube.com\/embed\/D-mAhk9C_8s?feature=oembed\" frameborder=\"0\" allow=\"accelerometer; autoplay; clipboard-write; encrypted-media; gyroscope; picture-in-picture; web-share\" referrerpolicy=\"strict-origin-when-cross-origin\" allowfullscreen><\/iframe>\n<\/div><\/figure>\n\n\n\n<p><strong>Qeveria e Republik\u00ebs s\u00eb Maqedonis\u00eb s\u00eb Veriut<\/strong>, n\u00eb koordinim me&nbsp;<strong>Ministrin\u00eb e Pun\u00ebve t\u00eb Brendshme (MPB)<\/strong>&nbsp;dhe n\u00eb konsultim me&nbsp;<strong>Shoqat\u00ebn e Gazetar\u00ebve t\u00eb Maqedonis\u00eb (SHGM),<\/strong>&nbsp;si dhe me&nbsp;<strong>Sindikat\u00ebn e Pavarur t\u00eb Gazetar\u00ebve dhe Punonj\u00ebsve Mediatik (SPGPM),<\/strong>&nbsp;kan\u00eb p\u00ebrgatitur nj\u00eb protokoll sigurie p\u00ebr raportim nga ceremonia mortore e viktimave t\u00eb ngjarjes tragjike q\u00eb ndodhi m\u00eb 16 mars n\u00eb Ko\u00e7an.<\/p>\n\n\n\n<p>P\u00ebr p\u00ebrfaq\u00ebsuesit e mediave q\u00eb do t\u00eb raportojn\u00eb p\u00ebr ngjarjen, pjes\u00ebtar\u00ebt e policis\u00eb do t\u00eb sigurojn\u00eb nj\u00eb zon\u00eb t\u00eb ve\u00e7ant\u00eb nga rruga e kortezhit, n\u00eb nj\u00eb distanc\u00eb prej 300 metrash nga hyrja e kapel\u00ebs deri te varrezat e qytetit n\u00eb Ko\u00e7an. Kjo hap\u00ebsir\u00eb do t\u00eb ruhet nga pjes\u00ebtar\u00ebt e MPB-s\u00eb me q\u00ebllim garantimin e rendit dhe siguris\u00eb n\u00eb zon\u00ebn e p\u00ebrcaktuar. N\u00eb k\u00ebt\u00eb zon\u00eb do t\u00eb vlej\u00eb gjithashtu ndalimi p\u00ebr p\u00ebrdorimin e mjeteve ajrore pa pilot (dron\u00ebve).<\/p>\n\n\n\n<p>Ky protokoll mediatik ka p\u00ebr q\u00ebllim mbrojtjen e privat\u00ebsis\u00eb s\u00eb familjeve t\u00eb viktimave, duke mund\u00ebsuar nj\u00ebkoh\u00ebsisht q\u00eb gazetar\u00ebt dhe kameraman\u00ebt ta ndjekin ngjarjen n\u00eb m\u00ebnyr\u00eb t\u00eb sigurt nga nj\u00eb distanc\u00eb e p\u00ebrshtatshme.<\/p>\n\n\n\n<p>Duke pasur parasysh ndjeshm\u00ebrin\u00eb e k\u00ebsaj tragjedie dhe standardet etike universale p\u00ebr raportim profesional,<strong>&nbsp;Shoqata e Gazetar\u00ebve t\u00eb Maqedonis\u00eb (SHGM) dhe Sindikata e Pavarur e Gazetar\u00ebve dhe Punonj\u00ebsve Mediatik (SPGPM)<\/strong>&nbsp;si dhe&nbsp;<strong>Agjencia p\u00ebr Sh\u00ebrbime Mediatike Audio dhe Audiovizuele&nbsp;<\/strong>u b\u00ebjn\u00eb thirrje t\u00eb gjith\u00eb gazetar\u00ebve dhe mediave t\u00eb respektojn\u00eb parimet e m\u00ebposhtme etike gazetareske:<\/p>\n\n\n\n<ul class=\"wp-block-list\">\n<li>Respektimi i dhimbjes personale dhe dinjitetit \u2013 Gazetar\u00ebt duhet t\u00eb raportojn\u00eb me empati, pa nd\u00ebrhyr\u00eb n\u00eb privat\u00ebsin\u00eb e familjeve t\u00eb viktimave.<\/li>\n\n\n\n<li>Shmangia e senzacionalizmit \u2013 Raportimi p\u00ebr ngjarjet tragjike duhet t\u00eb jet\u00eb i \u00e7liruar nga senzacionalizmi, spekulimet apo narrativave, fotografi dhe video emocionalisht t\u00eb ngarkuara.<\/li>\n\n\n\n<li>Publikimi i informacioneve t\u00eb verifikuara \u2013 Duhet t\u00eb transmetohen vet\u00ebm fakte t\u00eb konfirmuara p\u00ebr t\u00eb shmangur dezinformimin.<\/li>\n\n\n\n<li>Ruajtja e balancimit dhe paanshm\u00ebris\u00eb \u2013 Mediat duhet t\u00eb sigurojn\u00eb q\u00eb raportimi i tyre t\u00eb mos shkaktoj\u00eb shqet\u00ebsim publik.<\/li>\n<\/ul>\n\n\n\n<p>N\u00eb konferenc\u00ebn e djeshme (19 mars), ministri i Pun\u00ebve t\u00eb Brendshme, Pan\u00e7e Toshkovski, tha se&nbsp;<strong>deri m\u00eb tani n\u00eb hetim jan\u00eb p\u00ebrfshir\u00eb 26 persona<\/strong><strong>, por ky num\u00ebr nuk do t\u00eb jet\u00eb p\u00ebrfundimtar.<\/strong><\/p>\n\n\n\n<p>Ndryshe, n\u00eb zjarrin q\u00eb ndodhi m\u00eb 16 mars n\u00eb nj\u00eb lokal nate n\u00eb Ko\u00e7ani, kan\u00eb humbur jet\u00ebn<strong>&nbsp;59 persona<\/strong>, nd\u00ebrsa kishte<strong>&nbsp;196 t\u00eb l\u00ebnduar<\/strong>&nbsp;q\u00eb trajtohen brenda dhe jasht\u00eb vendit.<\/p>\n\n\n\n<p>Sipas hetimeve t\u00eb deritanishme nga institucionet,&nbsp;<strong>diskoteka ka punuar me nj\u00eb s\u00ebr\u00eb shkeljesh t\u00eb m\u00ebdha:<\/strong>&nbsp;nuk kishte rrjet hidranti dhe mjaftuesh\u00ebm aparate PP, p\u00ebrdoreshin materiale piroteknike n\u00eb m\u00ebnyr\u00eb t\u00eb paligjshme, nuk kishte as leje pune t\u00eb ligjshme dhe nuk ishte lidhur asnj\u00eb kontrat\u00eb me shkrim mes organizatorit dhe grupit interpretues.<\/p>\n","protected":false},"excerpt":{"rendered":"<p>Kortezhi i viktimave nga Ko&ccedil;ani po i afrohen dal&euml;ngadal&euml; varrezave t&euml; qytetit. Kortezhi drejtohet nga t&euml; rinj q&euml; mbajn&euml; fotot e disa prej atyre q&euml; humb&euml;n jet&euml;n nga zjarri, shkruan&nbsp;360 Grad&euml;, transmeton Top24. Pas tyre shkojn&euml; automjetet e varrimit me trupat e t&euml; vdekurve. T&euml; gjitha rrug&euml;t e Ko&ccedil;anit jan&euml; mbushur plot me njer&euml;z q&euml; [&hellip;]<\/p>\n","protected":false},"author":2,"featured_media":41790,"comment_status":"open","ping_status":"closed","sticky":false,"template":"","format":"standard","meta":{"_monsterinsights_skip_tracking":false,"_monsterinsights_sitenote_active":false,"_monsterinsights_sitenote_note":"","_monsterinsights_sitenote_category":0,"footnotes":""},"categories":[1],"tags":[],"class_list":["post-41789","post","type-post","status-publish","format-standard","has-post-thumbnail","hentry","category-vendi"],"_links":{"self":[{"href":"https:\/\/radiojehona.mk\/index.php?rest_route=\/wp\/v2\/posts\/41789","targetHints":{"allow":["GET"]}}],"collection":[{"href":"https:\/\/radiojehona.mk\/index.php?rest_route=\/wp\/v2\/posts"}],"about":[{"href":"https:\/\/radiojehona.mk\/index.php?rest_route=\/wp\/v2\/types\/post"}],"author":[{"embeddable":true,"href":"https:\/\/radiojehona.mk\/index.php?rest_route=\/wp\/v2\/users\/2"}],"replies":[{"embeddable":true,"href":"https:\/\/radiojehona.mk\/index.php?rest_route=%2Fwp%2Fv2%2Fcomments&post=41789"}],"version-history":[{"count":2,"href":"https:\/\/radiojehona.mk\/index.php?rest_route=\/wp\/v2\/posts\/41789\/revisions"}],"predecessor-version":[{"id":41792,"href":"https:\/\/radiojehona.mk\/index.php?rest_route=\/wp\/v2\/posts\/41789\/revisions\/41792"}],"wp:featuredmedia":[{"embeddable":true,"href":"https:\/\/radiojehona.mk\/index.php?rest_route=\/wp\/v2\/media\/41790"}],"wp:attachment":[{"href":"https:\/\/radiojehona.mk\/index.php?rest_route=%2Fwp%2Fv2%2Fmedia&parent=41789"}],"wp:term":[{"taxonomy":"category","embeddable":true,"href":"https:\/\/radiojehona.mk\/index.php?rest_route=%2Fwp%2Fv2%2Fcategories&post=41789"},{"taxonomy":"post_tag","embeddable":true,"href":"https:\/\/radiojehona.mk\/index.php?rest_route=%2Fwp%2Fv2%2Ftags&post=41789"}],"curies":[{"name":"wp","href":"https:\/\/api.w.org\/{rel}","templated":true}]}}