{"id":41785,"date":"2025-03-20T12:09:14","date_gmt":"2025-03-20T12:09:14","guid":{"rendered":"https:\/\/radiojehona.com\/?p=41785"},"modified":"2025-03-20T12:09:16","modified_gmt":"2025-03-20T12:09:16","slug":"pamje-ne-varrezat-e-kocanit-qe-nga-mengjesi-po-pergatitet-varrimi-i-30-nga-59-viktimat","status":"publish","type":"post","link":"https:\/\/radiojehona.mk\/?p=41785","title":{"rendered":"Pamje n\u00eb varrezat e Ko\u00e7anit, q\u00eb nga m\u00ebngjesi po p\u00ebrgatitet varrimi i 30 nga 59 viktimat"},"content":{"rendered":"\n<figure class=\"wp-block-image size-full\"><img fetchpriority=\"high\" decoding=\"async\" width=\"900\" height=\"667\" src=\"https:\/\/radiojehona.com\/wp-content\/uploads\/2025\/03\/zz-1.jpeg\" alt=\"\" class=\"wp-image-41786\" srcset=\"https:\/\/radiojehona.mk\/wp-content\/uploads\/2025\/03\/zz-1.jpeg 900w, https:\/\/radiojehona.mk\/wp-content\/uploads\/2025\/03\/zz-1-300x222.jpeg 300w, https:\/\/radiojehona.mk\/wp-content\/uploads\/2025\/03\/zz-1-768x569.jpeg 768w\" sizes=\"(max-width: 900px) 100vw, 900px\" \/><\/figure>\n\n\n\n<p><strong>30 nga 59 viktimat e zjarrit n\u00eb Ko\u00e7an do t\u00eb varrosen sot, duke e b\u00ebr\u00eb k\u00ebt\u00eb ceremoni nj\u00eb nga varrimet m\u00eb masive n\u00eb vend.<\/strong><\/p>\n\n\n\n<p>Qytetar\u00ebt e Ko\u00e7anit dhe familjar\u00ebt e viktimave sot nga m\u00ebngjesi jan\u00eb p\u00ebrsh\u00ebndetur p\u00ebr her\u00eb t\u00eb fundit me trupat e pajet\u00eb t\u00eb m\u00eb t\u00eb dashurve t\u00eb tyre.<\/p>\n\n\n\n<p>N\u00eb qendr\u00ebn e qytetit jan\u00eb ndezur qirinj dhe po b\u00ebhen homazhet e fundit.<\/p>\n\n\n\n<p>Klan Maqedonia ka publikuar pamje:<\/p>\n\n\n\n<figure class=\"wp-block-image\"><img decoding=\"async\" src=\"https:\/\/reporteri.net\/wp-content\/uploads\/2025\/03\/WhatsApp-Image-2025-03-20-at-10.17.01-AM.jpeg\" alt=\"\" class=\"wp-image-1071724\"\/><\/figure>\n\n\n\n<figure class=\"wp-block-image\"><img decoding=\"async\" src=\"https:\/\/reporteri.net\/wp-content\/uploads\/2025\/03\/WhatsApp-Image-2025-03-20-at-10.17.00-AM.jpeg\" alt=\"\" class=\"wp-image-1071725\"\/><\/figure>\n\n\n\n<figure class=\"wp-block-image\"><img decoding=\"async\" src=\"https:\/\/reporteri.net\/wp-content\/uploads\/2025\/03\/WhatsApp-Image-2025-03-20-at-10.16.59-AM.jpeg\" alt=\"\" class=\"wp-image-1071726\"\/><\/figure>\n","protected":false},"excerpt":{"rendered":"<p>30 nga 59 viktimat e zjarrit n&euml; Ko&ccedil;an do t&euml; varrosen sot, duke e b&euml;r&euml; k&euml;t&euml; ceremoni nj&euml; nga varrimet m&euml; masive n&euml; vend. Qytetar&euml;t e Ko&ccedil;anit dhe familjar&euml;t e viktimave sot nga m&euml;ngjesi jan&euml; p&euml;rsh&euml;ndetur p&euml;r her&euml; t&euml; fundit me trupat e pajet&euml; t&euml; m&euml; t&euml; dashurve t&euml; tyre. N&euml; qendr&euml;n e qytetit jan&euml; [&hellip;]<\/p>\n","protected":false},"author":2,"featured_media":41786,"comment_status":"open","ping_status":"closed","sticky":false,"template":"","format":"standard","meta":{"_monsterinsights_skip_tracking":false,"_monsterinsights_sitenote_active":false,"_monsterinsights_sitenote_note":"","_monsterinsights_sitenote_category":0,"footnotes":""},"categories":[1],"tags":[],"class_list":["post-41785","post","type-post","status-publish","format-standard","has-post-thumbnail","hentry","category-vendi"],"_links":{"self":[{"href":"https:\/\/radiojehona.mk\/index.php?rest_route=\/wp\/v2\/posts\/41785","targetHints":{"allow":["GET"]}}],"collection":[{"href":"https:\/\/radiojehona.mk\/index.php?rest_route=\/wp\/v2\/posts"}],"about":[{"href":"https:\/\/radiojehona.mk\/index.php?rest_route=\/wp\/v2\/types\/post"}],"author":[{"embeddable":true,"href":"https:\/\/radiojehona.mk\/index.php?rest_route=\/wp\/v2\/users\/2"}],"replies":[{"embeddable":true,"href":"https:\/\/radiojehona.mk\/index.php?rest_route=%2Fwp%2Fv2%2Fcomments&post=41785"}],"version-history":[{"count":2,"href":"https:\/\/radiojehona.mk\/index.php?rest_route=\/wp\/v2\/posts\/41785\/revisions"}],"predecessor-version":[{"id":41788,"href":"https:\/\/radiojehona.mk\/index.php?rest_route=\/wp\/v2\/posts\/41785\/revisions\/41788"}],"wp:featuredmedia":[{"embeddable":true,"href":"https:\/\/radiojehona.mk\/index.php?rest_route=\/wp\/v2\/media\/41786"}],"wp:attachment":[{"href":"https:\/\/radiojehona.mk\/index.php?rest_route=%2Fwp%2Fv2%2Fmedia&parent=41785"}],"wp:term":[{"taxonomy":"category","embeddable":true,"href":"https:\/\/radiojehona.mk\/index.php?rest_route=%2Fwp%2Fv2%2Fcategories&post=41785"},{"taxonomy":"post_tag","embeddable":true,"href":"https:\/\/radiojehona.mk\/index.php?rest_route=%2Fwp%2Fv2%2Ftags&post=41785"}],"curies":[{"name":"wp","href":"https:\/\/api.w.org\/{rel}","templated":true}]}}