{"id":41780,"date":"2025-03-20T01:30:54","date_gmt":"2025-03-20T01:30:54","guid":{"rendered":"https:\/\/radiojehona.com\/?p=41780"},"modified":"2025-03-20T01:30:56","modified_gmt":"2025-03-20T01:30:56","slug":"termet-ne-maqedonine-e-veriut-2","status":"publish","type":"post","link":"https:\/\/radiojehona.mk\/?p=41780","title":{"rendered":"T\u00ebrmet n\u00eb Maqedonin\u00eb e Veriut"},"content":{"rendered":"\n<figure class=\"wp-block-image size-full\"><img fetchpriority=\"high\" decoding=\"async\" width=\"696\" height=\"392\" src=\"https:\/\/radiojehona.com\/wp-content\/uploads\/2025\/03\/termet-lajm-i-fundit-1100x620-1-696x392-1.jpg\" alt=\"\" class=\"wp-image-41781\" srcset=\"https:\/\/radiojehona.mk\/wp-content\/uploads\/2025\/03\/termet-lajm-i-fundit-1100x620-1-696x392-1.jpg 696w, https:\/\/radiojehona.mk\/wp-content\/uploads\/2025\/03\/termet-lajm-i-fundit-1100x620-1-696x392-1-300x169.jpg 300w\" sizes=\"(max-width: 696px) 100vw, 696px\" \/><\/figure>\n\n\n\n<p>\u00cbsht\u00eb regjistruar t\u00ebrmet n\u00eb Maqedonin\u00eb e Veriut, transmeton TV21.<\/p>\n\n\n\n<p>Si\u00e7 njofton Observatori Sizmologjik i Maqedonis\u00eb s\u00eb Veriut, epiqendra e t\u00ebrmetit ka qen\u00eb n\u00eb Strumic\u00eb n\u00eb lart\u00ebsi prej 2.8 ball\u00eb t\u00eb shkall\u00ebs s\u00eb Rihterit.<\/p>\n\n\n\n<p>\u201cRrjeti sizmologjik n\u00eb Republik\u00ebn e Maqedonis\u00eb s\u00eb Veriut n\u00eb stacionet sizmologjike t\u00eb instaluara n\u00ebp\u00ebr territorin e shtetit, k\u00ebt\u00eb pasdite, n\u00eb ora 19:33 ka regjistruar termet epiqendra e t\u00eb cilit buron nga rajonin i Strumic\u00ebs, 115 kilometra n\u00eb juglindje prej Shkupi, me magnitud\u00eb prej 2.8 ball\u00eb t\u00eb shkall\u00ebs s\u00eb Rihterit\u201d, njoftojn\u00eb nga Observatori Sizmologjik.<\/p>\n\n\n\n<p>T\u00ebrmeti njoftohet se \u00ebsht\u00eb ndjer\u00eb n\u00eb Strumic\u00eb dhe rrethin\u00eb.<\/p>\n","protected":false},"excerpt":{"rendered":"<p>&Euml;sht&euml; regjistruar t&euml;rmet n&euml; Maqedonin&euml; e Veriut, transmeton TV21. Si&ccedil; njofton Observatori Sizmologjik i Maqedonis&euml; s&euml; Veriut, epiqendra e t&euml;rmetit ka qen&euml; n&euml; Strumic&euml; n&euml; lart&euml;si prej 2.8 ball&euml; t&euml; shkall&euml;s s&euml; Rihterit. &ldquo;Rrjeti sizmologjik n&euml; Republik&euml;n e Maqedonis&euml; s&euml; Veriut n&euml; stacionet sizmologjike t&euml; instaluara n&euml;p&euml;r territorin e shtetit, k&euml;t&euml; pasdite, n&euml; ora 19:33 [&hellip;]<\/p>\n","protected":false},"author":2,"featured_media":41781,"comment_status":"open","ping_status":"closed","sticky":false,"template":"","format":"standard","meta":{"_monsterinsights_skip_tracking":false,"_monsterinsights_sitenote_active":false,"_monsterinsights_sitenote_note":"","_monsterinsights_sitenote_category":0,"footnotes":""},"categories":[1],"tags":[],"class_list":["post-41780","post","type-post","status-publish","format-standard","has-post-thumbnail","hentry","category-vendi"],"_links":{"self":[{"href":"https:\/\/radiojehona.mk\/index.php?rest_route=\/wp\/v2\/posts\/41780","targetHints":{"allow":["GET"]}}],"collection":[{"href":"https:\/\/radiojehona.mk\/index.php?rest_route=\/wp\/v2\/posts"}],"about":[{"href":"https:\/\/radiojehona.mk\/index.php?rest_route=\/wp\/v2\/types\/post"}],"author":[{"embeddable":true,"href":"https:\/\/radiojehona.mk\/index.php?rest_route=\/wp\/v2\/users\/2"}],"replies":[{"embeddable":true,"href":"https:\/\/radiojehona.mk\/index.php?rest_route=%2Fwp%2Fv2%2Fcomments&post=41780"}],"version-history":[{"count":2,"href":"https:\/\/radiojehona.mk\/index.php?rest_route=\/wp\/v2\/posts\/41780\/revisions"}],"predecessor-version":[{"id":41783,"href":"https:\/\/radiojehona.mk\/index.php?rest_route=\/wp\/v2\/posts\/41780\/revisions\/41783"}],"wp:featuredmedia":[{"embeddable":true,"href":"https:\/\/radiojehona.mk\/index.php?rest_route=\/wp\/v2\/media\/41781"}],"wp:attachment":[{"href":"https:\/\/radiojehona.mk\/index.php?rest_route=%2Fwp%2Fv2%2Fmedia&parent=41780"}],"wp:term":[{"taxonomy":"category","embeddable":true,"href":"https:\/\/radiojehona.mk\/index.php?rest_route=%2Fwp%2Fv2%2Fcategories&post=41780"},{"taxonomy":"post_tag","embeddable":true,"href":"https:\/\/radiojehona.mk\/index.php?rest_route=%2Fwp%2Fv2%2Ftags&post=41780"}],"curies":[{"name":"wp","href":"https:\/\/api.w.org\/{rel}","templated":true}]}}