{"id":41777,"date":"2025-03-19T14:44:08","date_gmt":"2025-03-19T14:44:08","guid":{"rendered":"https:\/\/radiojehona.com\/?p=41777"},"modified":"2025-03-19T14:44:09","modified_gmt":"2025-03-19T14:44:09","slug":"incidenti-ne-kocan-101-paciente-te-lenduar-nga-zjarri-po-trajtohen-jashte-vendit","status":"publish","type":"post","link":"https:\/\/radiojehona.mk\/?p=41777","title":{"rendered":"Incidenti n\u00eb Ko\u00e7an: 101 pacient\u00eb t\u00eb l\u00ebnduar nga zj\u1ea1rri po trajtohen jasht\u00eb vendit"},"content":{"rendered":"\n<figure class=\"wp-block-image size-full\"><img fetchpriority=\"high\" decoding=\"async\" width=\"1024\" height=\"768\" src=\"https:\/\/radiojehona.com\/wp-content\/uploads\/2025\/03\/480960000_9461471300612773_6720774188076473094_n.jpg\" alt=\"\" class=\"wp-image-41612\" srcset=\"https:\/\/radiojehona.mk\/wp-content\/uploads\/2025\/03\/480960000_9461471300612773_6720774188076473094_n.jpg 1024w, https:\/\/radiojehona.mk\/wp-content\/uploads\/2025\/03\/480960000_9461471300612773_6720774188076473094_n-300x225.jpg 300w, https:\/\/radiojehona.mk\/wp-content\/uploads\/2025\/03\/480960000_9461471300612773_6720774188076473094_n-768x576.jpg 768w\" sizes=\"(max-width: 1024px) 100vw, 1024px\" \/><\/figure>\n\n\n\n<p>\u00cbsht\u00eb b\u00ebr\u00eb me dije se 101 pacient\u00eb t\u00eb l\u00ebnduar nga zjarri n\u00eb Ko\u00e7an po trajtohen jasht\u00eb Maqedonis\u00eb s\u00eb Veriut.<\/p>\n\n\n\n<p>K\u00ebshtu ka njoftuar ministri i Sh\u00ebndet\u00ebsis\u00eb, Arben Taravari, p\u00ebrmes nj\u00eb konferenc\u00eb p\u00ebr media ku ka dh\u00ebn\u00eb edhe detaje t\u00eb tjera rreth tragjedis\u00eb.<\/p>\n\n\n\n<p>\u201c72 or\u00eb pas tragjedis\u00eb s\u00eb Ko\u00e7anit, asnj\u00eb t\u00eb vdekur prej k\u00ebtyre q\u00eb e p\u00ebrjetuan k\u00ebt\u00eb tragjedi, p\u00ebr momentin. N\u00eb shtet te ne mjekohen af\u00ebr 78 pacient\u00eb, 65 jan\u00eb n\u00eb klinikat shtet\u00ebrore dhe 13 jan\u00eb n\u00eb klinikat private. 101 pacient\u00eb jan\u00eb jasht\u00eb shtetit. Pas mbledhjes s\u00eb Shtabit t\u00eb Kriz\u00ebs, konstatuam se t\u00eb gjith\u00eb pacient\u00ebt fatmir\u00ebsisht jan\u00eb n\u00eb gjendje relativisht stabile. Shpresoj q\u00eb dal\u00ebngadal\u00eb disa prej k\u00ebtyre pacient\u00ebve t\u2019i l\u00ebshojm\u00eb n\u00eb sht\u00ebpi\u201d, tha Taravari.<\/p>\n","protected":false},"excerpt":{"rendered":"<p>&Euml;sht&euml; b&euml;r&euml; me dije se 101 pacient&euml; t&euml; l&euml;nduar nga zjarri n&euml; Ko&ccedil;an po trajtohen jasht&euml; Maqedonis&euml; s&euml; Veriut. K&euml;shtu ka njoftuar ministri i Sh&euml;ndet&euml;sis&euml;, Arben Taravari, p&euml;rmes nj&euml; konferenc&euml; p&euml;r media ku ka dh&euml;n&euml; edhe detaje t&euml; tjera rreth tragjedis&euml;. &ldquo;72 or&euml; pas tragjedis&euml; s&euml; Ko&ccedil;anit, asnj&euml; t&euml; vdekur prej k&euml;tyre q&euml; e p&euml;rjetuan [&hellip;]<\/p>\n","protected":false},"author":2,"featured_media":41612,"comment_status":"open","ping_status":"closed","sticky":false,"template":"","format":"standard","meta":{"_monsterinsights_skip_tracking":false,"_monsterinsights_sitenote_active":false,"_monsterinsights_sitenote_note":"","_monsterinsights_sitenote_category":0,"footnotes":""},"categories":[1],"tags":[],"class_list":["post-41777","post","type-post","status-publish","format-standard","has-post-thumbnail","hentry","category-vendi"],"_links":{"self":[{"href":"https:\/\/radiojehona.mk\/index.php?rest_route=\/wp\/v2\/posts\/41777","targetHints":{"allow":["GET"]}}],"collection":[{"href":"https:\/\/radiojehona.mk\/index.php?rest_route=\/wp\/v2\/posts"}],"about":[{"href":"https:\/\/radiojehona.mk\/index.php?rest_route=\/wp\/v2\/types\/post"}],"author":[{"embeddable":true,"href":"https:\/\/radiojehona.mk\/index.php?rest_route=\/wp\/v2\/users\/2"}],"replies":[{"embeddable":true,"href":"https:\/\/radiojehona.mk\/index.php?rest_route=%2Fwp%2Fv2%2Fcomments&post=41777"}],"version-history":[{"count":2,"href":"https:\/\/radiojehona.mk\/index.php?rest_route=\/wp\/v2\/posts\/41777\/revisions"}],"predecessor-version":[{"id":41779,"href":"https:\/\/radiojehona.mk\/index.php?rest_route=\/wp\/v2\/posts\/41777\/revisions\/41779"}],"wp:featuredmedia":[{"embeddable":true,"href":"https:\/\/radiojehona.mk\/index.php?rest_route=\/wp\/v2\/media\/41612"}],"wp:attachment":[{"href":"https:\/\/radiojehona.mk\/index.php?rest_route=%2Fwp%2Fv2%2Fmedia&parent=41777"}],"wp:term":[{"taxonomy":"category","embeddable":true,"href":"https:\/\/radiojehona.mk\/index.php?rest_route=%2Fwp%2Fv2%2Fcategories&post=41777"},{"taxonomy":"post_tag","embeddable":true,"href":"https:\/\/radiojehona.mk\/index.php?rest_route=%2Fwp%2Fv2%2Ftags&post=41777"}],"curies":[{"name":"wp","href":"https:\/\/api.w.org\/{rel}","templated":true}]}}