{"id":41773,"date":"2025-03-19T14:41:39","date_gmt":"2025-03-19T14:41:39","guid":{"rendered":"https:\/\/radiojehona.com\/?p=41773"},"modified":"2025-03-19T14:41:42","modified_gmt":"2025-03-19T14:41:42","slug":"varrimi-i-viktimave-nga-zjarri-do-te-behet-neser-ne-shtip-kocan-oblesheve-dhe-shkup","status":"publish","type":"post","link":"https:\/\/radiojehona.mk\/?p=41773","title":{"rendered":"VARRIMI I VIKTIMAVE NGA ZJARRI DO T\u00cb B\u00cbHET NES\u00cbR N\u00cb SHTIP, KO\u00c7AN, OBLESHEV\u00cb DHE SHKUP"},"content":{"rendered":"\n<figure class=\"wp-block-image size-large\"><img fetchpriority=\"high\" decoding=\"async\" width=\"1024\" height=\"593\" src=\"https:\/\/radiojehona.com\/wp-content\/uploads\/2025\/03\/IMG_1109-1024x593.jpeg\" alt=\"\" class=\"wp-image-41774\" srcset=\"https:\/\/radiojehona.mk\/wp-content\/uploads\/2025\/03\/IMG_1109-1024x593.jpeg 1024w, https:\/\/radiojehona.mk\/wp-content\/uploads\/2025\/03\/IMG_1109-300x174.jpeg 300w, https:\/\/radiojehona.mk\/wp-content\/uploads\/2025\/03\/IMG_1109-768x445.jpeg 768w, https:\/\/radiojehona.mk\/wp-content\/uploads\/2025\/03\/IMG_1109.jpeg 1125w\" sizes=\"(max-width: 1024px) 100vw, 1024px\" \/><\/figure>\n\n\n\n<h1 class=\"wp-block-heading\"><\/h1>\n\n\n\n<p>Tragjedia e Ko\u00e7anit ku humben jet\u00ebn 59 t\u00eb rinj\u00eb nes\u00ebr do t\u00eb varrosen me nderime shtet\u00ebrore.&nbsp;<\/p>\n\n\n\n<p>Shumica e viktimave jan\u00eb nga Ko\u00e7ani, e disa nga Shtipi dy nga Shkupi e disa nga qytete tjera.&nbsp;<\/p>\n\n\n\n<p>Ministri i Sh\u00ebndet\u00ebsis\u00eb Arben Taravari, njoftoi se transportimi i trupave t\u00eb pajet\u00eb do t\u00eb b\u00ebhet n\u00eb koordinim me familjet, n\u00ebse duan t\u2019i transportojn\u00eb privatisht apo me organizim t\u00eb shtetit.<\/p>\n\n\n\n<p>\u201cUn\u00eb kam informat\u00eb se n\u00eb mjek\u00ebsin\u00eb ligjore kan\u00eb mbaruar t\u00eb gjitha autopsit\u00eb dhe besoj se n\u00eb m\u00ebnyr\u00eb si kan\u00eb k\u00ebrkuar familjet e atyre q\u00eb kan\u00eb t\u00eb vdekur nga ky rast, privat apo do t\u00eb ket\u00eb organizim prej shtetit n\u00eb baz\u00eb t\u00eb koordinimit me ato, ashtu do t\u00eb veprojm\u00eb\u201d, tha Arben Taravari \u2013 Minist\u00ebr i Sh\u00ebndet\u00ebsis\u00eb.<\/p>\n\n\n\n<figure class=\"wp-block-image\"><img decoding=\"async\" src=\"https:\/\/ads.tetovasot.com\/www\/delivery\/lg.php?bannerid=0&amp;campaignid=0&amp;zoneid=267&amp;loc=https%3A%2F%2Ftetovasot.com%2F2025%2F03%2Fneser-behet-varrimi-i-viktimave-te-tragjedise-se-kocanit%2F&amp;referer=https%3A%2F%2Ffax.al%2F&amp;cb=1e4d818cba\" alt=\"\"\/><\/figure>\n\n\n\n<p>Vlen t\u00eb thek\u00ebsohet se p\u00ebrpos se n\u00eb Ko\u00e7an, varrimi do t\u00eb b\u00ebhet edhe n\u00eb Shtip, Vinic\u00eb, Z\u00ebrnoc, Makedonska Kamenic\u00eb, \u00c7eshinov\u00eb- Obleshev\u00eb, Probishtip dhe n\u00eb Shkup. Varrimi pritet t\u00eb b\u00ebhet me nderimet m\u00eb t\u00eb larta shtet\u00ebrore.<\/p>\n","protected":false},"excerpt":{"rendered":"<p>Tragjedia e Ko&ccedil;anit ku humben jet&euml;n 59 t&euml; rinj&euml; nes&euml;r do t&euml; varrosen me nderime shtet&euml;rore.&nbsp; Shumica e viktimave jan&euml; nga Ko&ccedil;ani, e disa nga Shtipi dy nga Shkupi e disa nga qytete tjera.&nbsp; Ministri i Sh&euml;ndet&euml;sis&euml; Arben Taravari, njoftoi se transportimi i trupave t&euml; pajet&euml; do t&euml; b&euml;het n&euml; koordinim me familjet, n&euml;se duan [&hellip;]<\/p>\n","protected":false},"author":2,"featured_media":41774,"comment_status":"open","ping_status":"closed","sticky":false,"template":"","format":"standard","meta":{"_monsterinsights_skip_tracking":false,"_monsterinsights_sitenote_active":false,"_monsterinsights_sitenote_note":"","_monsterinsights_sitenote_category":0,"footnotes":""},"categories":[1],"tags":[],"class_list":["post-41773","post","type-post","status-publish","format-standard","has-post-thumbnail","hentry","category-vendi"],"_links":{"self":[{"href":"https:\/\/radiojehona.mk\/index.php?rest_route=\/wp\/v2\/posts\/41773","targetHints":{"allow":["GET"]}}],"collection":[{"href":"https:\/\/radiojehona.mk\/index.php?rest_route=\/wp\/v2\/posts"}],"about":[{"href":"https:\/\/radiojehona.mk\/index.php?rest_route=\/wp\/v2\/types\/post"}],"author":[{"embeddable":true,"href":"https:\/\/radiojehona.mk\/index.php?rest_route=\/wp\/v2\/users\/2"}],"replies":[{"embeddable":true,"href":"https:\/\/radiojehona.mk\/index.php?rest_route=%2Fwp%2Fv2%2Fcomments&post=41773"}],"version-history":[{"count":2,"href":"https:\/\/radiojehona.mk\/index.php?rest_route=\/wp\/v2\/posts\/41773\/revisions"}],"predecessor-version":[{"id":41776,"href":"https:\/\/radiojehona.mk\/index.php?rest_route=\/wp\/v2\/posts\/41773\/revisions\/41776"}],"wp:featuredmedia":[{"embeddable":true,"href":"https:\/\/radiojehona.mk\/index.php?rest_route=\/wp\/v2\/media\/41774"}],"wp:attachment":[{"href":"https:\/\/radiojehona.mk\/index.php?rest_route=%2Fwp%2Fv2%2Fmedia&parent=41773"}],"wp:term":[{"taxonomy":"category","embeddable":true,"href":"https:\/\/radiojehona.mk\/index.php?rest_route=%2Fwp%2Fv2%2Fcategories&post=41773"},{"taxonomy":"post_tag","embeddable":true,"href":"https:\/\/radiojehona.mk\/index.php?rest_route=%2Fwp%2Fv2%2Ftags&post=41773"}],"curies":[{"name":"wp","href":"https:\/\/api.w.org\/{rel}","templated":true}]}}