{"id":41770,"date":"2025-03-19T14:34:11","date_gmt":"2025-03-19T14:34:11","guid":{"rendered":"https:\/\/radiojehona.com\/?p=41770"},"modified":"2025-03-19T14:34:12","modified_gmt":"2025-03-19T14:34:12","slug":"prokuroria-kerkon-paraburgim-per-7-zyrtare-te-policise-dyshohet-se-kunderligjshem-i-kane-mundesuar-kompanise-puls-te-marre-licence","status":"publish","type":"post","link":"https:\/\/radiojehona.mk\/?p=41770","title":{"rendered":"Prokuroria k\u00ebrkon paraburgim p\u00ebr 7 zyrtar\u00eb t\u00eb policis\u00eb: Dyshohet se kund\u00ebrligjsh\u00ebm i kan\u00eb mund\u00ebsuar kompanis\u00eb \u201cPuls\u201d t\u00eb marr\u00eb licenc\u00eb"},"content":{"rendered":"\n<figure class=\"wp-block-image size-large\"><img fetchpriority=\"high\" decoding=\"async\" width=\"1024\" height=\"612\" src=\"https:\/\/radiojehona.com\/wp-content\/uploads\/2025\/03\/IMG_1107-1024x612.jpeg\" alt=\"\" class=\"wp-image-41771\" srcset=\"https:\/\/radiojehona.mk\/wp-content\/uploads\/2025\/03\/IMG_1107-1024x612.jpeg 1024w, https:\/\/radiojehona.mk\/wp-content\/uploads\/2025\/03\/IMG_1107-300x179.jpeg 300w, https:\/\/radiojehona.mk\/wp-content\/uploads\/2025\/03\/IMG_1107-768x459.jpeg 768w, https:\/\/radiojehona.mk\/wp-content\/uploads\/2025\/03\/IMG_1107.jpeg 1125w\" sizes=\"(max-width: 1024px) 100vw, 1024px\" \/><\/figure>\n\n\n\n<p>Nga Prokuroria konfirmojn\u00eb se 7 zyrtar\u00eb t\u00eb policis\u00eb i jan\u00eb shtuar list\u00ebs s\u00eb personave t\u00eb dyshuar pas ngjarjes tragjike n\u00eb Ko\u00e7an, ku si pasoj\u00eb e zjarrit n\u00eb diskotek\u00ebn \u201cPuls\u201d, jet\u00ebn humb\u00ebn 59 persona, p\u00ebrcjell TV21. Sipas njoftimit t\u00eb Prokuroris\u00eb, personat n\u00eb fjal\u00eb dyshohet se kan\u00eb kryer vep\u00ebr penale t\u00eb \u201cvepra t\u00eb t\u00eb r\u00ebnda kund\u00ebr siguris\u00eb publike\u201d, gjegj\u00ebsisht dyshohet se i kan\u00eb mund\u00ebsuar pronarit t\u00eb diskotek\u00ebs t\u00eb marr\u00eb licenc\u00eb n\u00eb m\u00ebnyr\u00eb t\u00eb kund\u00ebrligjshme.<\/p>\n\n\n\n<p>\u201cT\u00eb dyshuarit, me p\u00ebrgatitjen, n\u00ebnshkrimin dhe miratimin e p\u00eblqimit pozitiv, i kan\u00eb mund\u00ebsuar personit juridik q\u00eb t\u00eb marr\u00eb licenc\u00eb p\u00ebr t\u00eb ushtruar veprimtari hoteliere \u2013 kabare, edhe pse objekti nuk i plot\u00ebsonte kushtet ligjore p\u00ebr funksionim. T\u00eb dyshuarit s\u00eb bashku shkaktuan rrezik t\u00eb konsideruesh\u00ebm p\u00ebr jet\u00ebn dhe gjymtyr\u00ebt e njer\u00ebzve, duke lejuar q\u00eb kabareja t\u00eb funksiononte n\u00eb kushte n\u00ebn standarde, duke rezultuar n\u00eb nj\u00eb zjarr n\u00eb objekt m\u00eb 16 mars 2025, ku 59 persona humb\u00ebn jet\u00ebn dhe 196 p\u00ebsuan l\u00ebndime t\u00eb r\u00ebnda. Duke konsideruar se jan\u00eb plot\u00ebsuar kushtet, prokurori publik i ka dor\u00ebzuar gjyqtarit t\u00eb procedur\u00ebs paraprake propozim p\u00ebr caktimin e mas\u00ebs s\u00eb paraburgimit p\u00ebr t\u00eb shtat\u00eb personat\u201d, thon\u00eb nga Prokuroria.\/tv21.tv<\/p>\n","protected":false},"excerpt":{"rendered":"<p>Nga Prokuroria konfirmojn&euml; se 7 zyrtar&euml; t&euml; policis&euml; i jan&euml; shtuar list&euml;s s&euml; personave t&euml; dyshuar pas ngjarjes tragjike n&euml; Ko&ccedil;an, ku si pasoj&euml; e zjarrit n&euml; diskotek&euml;n &ldquo;Puls&rdquo;, jet&euml;n humb&euml;n 59 persona, p&euml;rcjell TV21. Sipas njoftimit t&euml; Prokuroris&euml;, personat n&euml; fjal&euml; dyshohet se kan&euml; kryer vep&euml;r penale t&euml; &ldquo;vepra t&euml; t&euml; r&euml;nda kund&euml;r siguris&euml; [&hellip;]<\/p>\n","protected":false},"author":2,"featured_media":41771,"comment_status":"open","ping_status":"closed","sticky":false,"template":"","format":"standard","meta":{"_monsterinsights_skip_tracking":false,"_monsterinsights_sitenote_active":false,"_monsterinsights_sitenote_note":"","_monsterinsights_sitenote_category":0,"footnotes":""},"categories":[1],"tags":[],"class_list":["post-41770","post","type-post","status-publish","format-standard","has-post-thumbnail","hentry","category-vendi"],"_links":{"self":[{"href":"https:\/\/radiojehona.mk\/index.php?rest_route=\/wp\/v2\/posts\/41770","targetHints":{"allow":["GET"]}}],"collection":[{"href":"https:\/\/radiojehona.mk\/index.php?rest_route=\/wp\/v2\/posts"}],"about":[{"href":"https:\/\/radiojehona.mk\/index.php?rest_route=\/wp\/v2\/types\/post"}],"author":[{"embeddable":true,"href":"https:\/\/radiojehona.mk\/index.php?rest_route=\/wp\/v2\/users\/2"}],"replies":[{"embeddable":true,"href":"https:\/\/radiojehona.mk\/index.php?rest_route=%2Fwp%2Fv2%2Fcomments&post=41770"}],"version-history":[{"count":1,"href":"https:\/\/radiojehona.mk\/index.php?rest_route=\/wp\/v2\/posts\/41770\/revisions"}],"predecessor-version":[{"id":41772,"href":"https:\/\/radiojehona.mk\/index.php?rest_route=\/wp\/v2\/posts\/41770\/revisions\/41772"}],"wp:featuredmedia":[{"embeddable":true,"href":"https:\/\/radiojehona.mk\/index.php?rest_route=\/wp\/v2\/media\/41771"}],"wp:attachment":[{"href":"https:\/\/radiojehona.mk\/index.php?rest_route=%2Fwp%2Fv2%2Fmedia&parent=41770"}],"wp:term":[{"taxonomy":"category","embeddable":true,"href":"https:\/\/radiojehona.mk\/index.php?rest_route=%2Fwp%2Fv2%2Fcategories&post=41770"},{"taxonomy":"post_tag","embeddable":true,"href":"https:\/\/radiojehona.mk\/index.php?rest_route=%2Fwp%2Fv2%2Ftags&post=41770"}],"curies":[{"name":"wp","href":"https:\/\/api.w.org\/{rel}","templated":true}]}}