{"id":41762,"date":"2025-03-19T14:29:14","date_gmt":"2025-03-19T14:29:14","guid":{"rendered":"https:\/\/radiojehona.com\/?p=41762"},"modified":"2025-03-19T14:29:14","modified_gmt":"2025-03-19T14:29:14","slug":"taravari-sapo-e-shkarkova-drejtorin-e-spitalit-te-kumanoves","status":"publish","type":"post","link":"https:\/\/radiojehona.mk\/?p=41762","title":{"rendered":"TARAVARI: SAPO E SHKARKOVA DREJTORIN E SPITALIT T\u00cb KUMANOV\u00cbS"},"content":{"rendered":"\n<figure class=\"wp-block-image size-large\"><img fetchpriority=\"high\" decoding=\"async\" width=\"1024\" height=\"613\" src=\"https:\/\/radiojehona.com\/wp-content\/uploads\/2025\/03\/IMG_1105-1024x613.jpeg\" alt=\"\" class=\"wp-image-41763\" srcset=\"https:\/\/radiojehona.mk\/wp-content\/uploads\/2025\/03\/IMG_1105-1024x613.jpeg 1024w, https:\/\/radiojehona.mk\/wp-content\/uploads\/2025\/03\/IMG_1105-300x180.jpeg 300w, https:\/\/radiojehona.mk\/wp-content\/uploads\/2025\/03\/IMG_1105-768x460.jpeg 768w, https:\/\/radiojehona.mk\/wp-content\/uploads\/2025\/03\/IMG_1105.jpeg 1125w\" sizes=\"(max-width: 1024px) 100vw, 1024px\" \/><\/figure>\n\n\n\n<p>Ministri i Sh\u00ebndet\u00ebsis\u00eb, Arben Taravari, para pak \u00e7astesh ka shkarkuar drejtorin e Spitalit t\u00eb Kumanov\u00ebs, Stefan Trajanovskin.<\/p>\n\n\n\n<p>Lajmin e ka konfirmuar p\u00ebr gazet\u00ebn Lajm vet\u00eb Taravari.<\/p>\n\n\n\n<p>Ket\u00eb vendim ai e mori pas vdekjes s\u00eb 32 vje\u00e7arit Vedat Ademi.<\/p>\n\n\n\n<p>Taravari sot ka q\u00ebndruar n\u00eb Kumanov\u00eb, me \u00e7rast ka vizituar familjen Ademi p\u00ebr t\u2019i shprehur ngush\u00ebllime p\u00ebr vdekjen e djalit t\u00eb tyre Vedatit, dit\u00eb m\u00eb par\u00eb.<\/p>\n","protected":false},"excerpt":{"rendered":"<p>Ministri i Sh&euml;ndet&euml;sis&euml;, Arben Taravari, para pak &ccedil;astesh ka shkarkuar drejtorin e Spitalit t&euml; Kumanov&euml;s, Stefan Trajanovskin. Lajmin e ka konfirmuar p&euml;r gazet&euml;n Lajm vet&euml; Taravari. Ket&euml; vendim ai e mori pas vdekjes s&euml; 32 vje&ccedil;arit Vedat Ademi. Taravari sot ka q&euml;ndruar n&euml; Kumanov&euml;, me &ccedil;rast ka vizituar familjen Ademi p&euml;r t&rsquo;i shprehur ngush&euml;llime p&euml;r [&hellip;]<\/p>\n","protected":false},"author":2,"featured_media":41763,"comment_status":"open","ping_status":"closed","sticky":false,"template":"","format":"standard","meta":{"_monsterinsights_skip_tracking":false,"_monsterinsights_sitenote_active":false,"_monsterinsights_sitenote_note":"","_monsterinsights_sitenote_category":0,"footnotes":""},"categories":[1],"tags":[],"class_list":["post-41762","post","type-post","status-publish","format-standard","has-post-thumbnail","hentry","category-vendi"],"_links":{"self":[{"href":"https:\/\/radiojehona.mk\/index.php?rest_route=\/wp\/v2\/posts\/41762","targetHints":{"allow":["GET"]}}],"collection":[{"href":"https:\/\/radiojehona.mk\/index.php?rest_route=\/wp\/v2\/posts"}],"about":[{"href":"https:\/\/radiojehona.mk\/index.php?rest_route=\/wp\/v2\/types\/post"}],"author":[{"embeddable":true,"href":"https:\/\/radiojehona.mk\/index.php?rest_route=\/wp\/v2\/users\/2"}],"replies":[{"embeddable":true,"href":"https:\/\/radiojehona.mk\/index.php?rest_route=%2Fwp%2Fv2%2Fcomments&post=41762"}],"version-history":[{"count":2,"href":"https:\/\/radiojehona.mk\/index.php?rest_route=\/wp\/v2\/posts\/41762\/revisions"}],"predecessor-version":[{"id":41765,"href":"https:\/\/radiojehona.mk\/index.php?rest_route=\/wp\/v2\/posts\/41762\/revisions\/41765"}],"wp:featuredmedia":[{"embeddable":true,"href":"https:\/\/radiojehona.mk\/index.php?rest_route=\/wp\/v2\/media\/41763"}],"wp:attachment":[{"href":"https:\/\/radiojehona.mk\/index.php?rest_route=%2Fwp%2Fv2%2Fmedia&parent=41762"}],"wp:term":[{"taxonomy":"category","embeddable":true,"href":"https:\/\/radiojehona.mk\/index.php?rest_route=%2Fwp%2Fv2%2Fcategories&post=41762"},{"taxonomy":"post_tag","embeddable":true,"href":"https:\/\/radiojehona.mk\/index.php?rest_route=%2Fwp%2Fv2%2Ftags&post=41762"}],"curies":[{"name":"wp","href":"https:\/\/api.w.org\/{rel}","templated":true}]}}