{"id":41759,"date":"2025-03-18T16:32:10","date_gmt":"2025-03-18T16:32:10","guid":{"rendered":"https:\/\/radiojehona.com\/?p=41759"},"modified":"2025-03-18T16:32:11","modified_gmt":"2025-03-18T16:32:11","slug":"te-enjten-do-te-behet-varrimi-i-viktimave-nga-tragjedia-ne-kocankurani-numer-3","status":"publish","type":"post","link":"https:\/\/radiojehona.mk\/?p=41759","title":{"rendered":"T\u00eb enjten do t\u00eb b\u00ebhet varrimi i viktimave nga tragjedia n\u00eb Ko\u00e7anKurani Numer 3"},"content":{"rendered":"\n<figure class=\"wp-block-image size-large\"><img fetchpriority=\"high\" decoding=\"async\" width=\"1024\" height=\"576\" src=\"https:\/\/radiojehona.com\/wp-content\/uploads\/2025\/03\/skynews-macedonia-kocani_6860291-1024x576.jpg\" alt=\"\" class=\"wp-image-41760\" srcset=\"https:\/\/radiojehona.mk\/wp-content\/uploads\/2025\/03\/skynews-macedonia-kocani_6860291-1024x576.jpg 1024w, https:\/\/radiojehona.mk\/wp-content\/uploads\/2025\/03\/skynews-macedonia-kocani_6860291-300x169.jpg 300w, https:\/\/radiojehona.mk\/wp-content\/uploads\/2025\/03\/skynews-macedonia-kocani_6860291-768x432.jpg 768w, https:\/\/radiojehona.mk\/wp-content\/uploads\/2025\/03\/skynews-macedonia-kocani_6860291-800x450.jpg 800w, https:\/\/radiojehona.mk\/wp-content\/uploads\/2025\/03\/skynews-macedonia-kocani_6860291.jpg 1200w\" sizes=\"(max-width: 1024px) 100vw, 1024px\" \/><\/figure>\n\n\n\n<p>Varrimi i 59 viktimave q\u00eb humb\u00ebn jet\u00ebn n\u00eb zjarrin n\u00eb Ko\u00e7an \u00ebsht\u00eb caktuar t\u00eb enjten, 20 mars, k\u00ebshtu kumtoi sot drejtori i Qendr\u00ebs p\u00ebr Menaxhim me Kriza Stojan\u00e7e Angelov i cili mbajti konferenc\u00eb t\u00eb p\u00ebrbashk\u00ebt me mitropolin\u00eb e dioqez\u00ebs s\u00eb Bregallnic\u00ebs, z.Ilarion.<\/p>\n\n\n\n<p>\u201cN\u00eb varrim do t\u00eb marrin pjes\u00eb kryesuesi i KOM-it, z.z Stefan, do t\u00eb ket\u00eb dhe disa peshkop\u00eb nga Sinodi, m\u00eb shum\u00eb peshkop\u00eb nga Sinodi. Kisha po b\u00ebn gjith\u00e7ka q\u00eb mundet q\u00eb k\u00ebta f\u00ebmij\u00eb t\u00eb d\u00ebrgohen n\u00eb m\u00ebnyr\u00ebn m\u00eb dinjitoze nga ana e shtetit, \u00ebsht\u00eb marr\u00eb gjith\u00e7ka q\u00eb \u00ebsht\u00eb e nevojshme p\u00ebr t\u00eb siguruar nj\u00eb varrim dinjitoz i cili megjithat\u00eb nuk do t\u00eb zvog\u00ebloj\u00eb dhimbjen e atyre q\u00eb humb\u00ebn f\u00ebmij\u00ebt e tyre kaq t\u00eb rinj\u201d, deklaroi Angellovi.<\/p>\n\n\n\n<p>I pyetur n\u00ebse varrimi do t\u00eb b\u00ebhet n\u00eb t\u00eb nj\u00ebjt\u00ebn koh\u00eb n\u00eb t\u00eb gjitha qytetet dhe fshatrat e rajonit t\u00eb Bregallnic\u00ebs, prej nga ka viktima f\u00ebmij\u00eb dhe t\u00eb rritur nga zjarri n\u00eb diskotek\u00ebn n\u00eb Ko\u00e7an, Angellov tha se varrimi do t\u00eb b\u00ebhet n\u00eb periudha t\u00eb ndryshme.<\/p>\n\n\n\n<p>\u201cVarrimi do t\u00eb b\u00ebhet t\u00eb enjten, por or\u00ebn e sakt\u00eb do ta p\u00ebrcaktojm\u00eb ne, gjegj\u00ebsisht do ta p\u00ebrcaktoj\u00eb Sinodi i KOM-it, sepse peshkopi d\u00ebshiron t\u00eb jet\u00eb i pranish\u00ebm n\u00eb shumic\u00ebn e vendeve, sepse b\u00ebhet fjal\u00eb p\u00ebr f\u00ebmij\u00eb nga dioqeza e tij. N\u00eb m\u00ebnyr\u00eb shtes\u00eb do t\u00eb p\u00ebrcaktohet se ku, n\u00eb cil\u00ebn or\u00eb dhe n\u00eb cilin vend do t\u00eb b\u00ebhen varrimi, numri m\u00eb i madh i viktimave \u00ebsht\u00eb n\u00eb qytetin e Ko\u00e7anit, \u00c7eshinov\u00ebs, Obleshev\u00ebs, Shkupit, Probishtipit, Shtipit, Makedonska Kamenic\u00ebs\u201d, theksoi Angellovi.<\/p>\n\n\n\n<p>Ai potencoi se Maqedonia \u00ebsht\u00eb e mb\u00ebshtjell\u00eb n\u00eb zi, nd\u00ebrsa si\u00e7 shton ka pasur fatin e keq q\u00eb ka qen\u00eb n\u00eb vendin e ngjarjes, derisa zjarri ende ishte duke u shuar. D\u00ebshmoi se skenat ishin t\u00eb tmerrshme.<\/p>\n\n\n\n<p>Ndryshe, n\u00eb zjarrin q\u00eb p\u00ebrfshiu diskotek\u00ebn n\u00eb Ko\u00e7an jet\u00ebn e humb\u00ebn 59 persona, nd\u00ebrsa 150 mbet\u00ebn t\u00eb l\u00ebnduar<\/p>\n","protected":false},"excerpt":{"rendered":"<p>Varrimi i 59 viktimave q&euml; humb&euml;n jet&euml;n n&euml; zjarrin n&euml; Ko&ccedil;an &euml;sht&euml; caktuar t&euml; enjten, 20 mars, k&euml;shtu kumtoi sot drejtori i Qendr&euml;s p&euml;r Menaxhim me Kriza Stojan&ccedil;e Angelov i cili mbajti konferenc&euml; t&euml; p&euml;rbashk&euml;t me mitropolin&euml; e dioqez&euml;s s&euml; Bregallnic&euml;s, z.Ilarion. &ldquo;N&euml; varrim do t&euml; marrin pjes&euml; kryesuesi i KOM-it, z.z Stefan, do t&euml; [&hellip;]<\/p>\n","protected":false},"author":2,"featured_media":41760,"comment_status":"open","ping_status":"closed","sticky":false,"template":"","format":"standard","meta":{"_monsterinsights_skip_tracking":false,"_monsterinsights_sitenote_active":false,"_monsterinsights_sitenote_note":"","_monsterinsights_sitenote_category":0,"footnotes":""},"categories":[1],"tags":[],"class_list":["post-41759","post","type-post","status-publish","format-standard","has-post-thumbnail","hentry","category-vendi"],"_links":{"self":[{"href":"https:\/\/radiojehona.mk\/index.php?rest_route=\/wp\/v2\/posts\/41759","targetHints":{"allow":["GET"]}}],"collection":[{"href":"https:\/\/radiojehona.mk\/index.php?rest_route=\/wp\/v2\/posts"}],"about":[{"href":"https:\/\/radiojehona.mk\/index.php?rest_route=\/wp\/v2\/types\/post"}],"author":[{"embeddable":true,"href":"https:\/\/radiojehona.mk\/index.php?rest_route=\/wp\/v2\/users\/2"}],"replies":[{"embeddable":true,"href":"https:\/\/radiojehona.mk\/index.php?rest_route=%2Fwp%2Fv2%2Fcomments&post=41759"}],"version-history":[{"count":1,"href":"https:\/\/radiojehona.mk\/index.php?rest_route=\/wp\/v2\/posts\/41759\/revisions"}],"predecessor-version":[{"id":41761,"href":"https:\/\/radiojehona.mk\/index.php?rest_route=\/wp\/v2\/posts\/41759\/revisions\/41761"}],"wp:featuredmedia":[{"embeddable":true,"href":"https:\/\/radiojehona.mk\/index.php?rest_route=\/wp\/v2\/media\/41760"}],"wp:attachment":[{"href":"https:\/\/radiojehona.mk\/index.php?rest_route=%2Fwp%2Fv2%2Fmedia&parent=41759"}],"wp:term":[{"taxonomy":"category","embeddable":true,"href":"https:\/\/radiojehona.mk\/index.php?rest_route=%2Fwp%2Fv2%2Fcategories&post=41759"},{"taxonomy":"post_tag","embeddable":true,"href":"https:\/\/radiojehona.mk\/index.php?rest_route=%2Fwp%2Fv2%2Ftags&post=41759"}],"curies":[{"name":"wp","href":"https:\/\/api.w.org\/{rel}","templated":true}]}}