{"id":41750,"date":"2025-03-18T13:20:23","date_gmt":"2025-03-18T13:20:23","guid":{"rendered":"https:\/\/radiojehona.com\/?p=41750"},"modified":"2025-03-18T13:20:24","modified_gmt":"2025-03-18T13:20:24","slug":"ne-agjerojme-shqip-godet-mysafiri-nuk-degjojme-ilahi-arabe","status":"publish","type":"post","link":"https:\/\/radiojehona.mk\/?p=41750","title":{"rendered":"\u201cNe agj\u00ebrojm\u00eb SHQIP\u201d, godet mysafiri \u201cNuk d\u00ebgjojm\u00eb ilahi ARABE\u2026\u201d"},"content":{"rendered":"\n<figure class=\"wp-block-image size-large\"><img fetchpriority=\"high\" decoding=\"async\" width=\"935\" height=\"1024\" src=\"https:\/\/radiojehona.com\/wp-content\/uploads\/2025\/03\/IMG_4690-935x1024.jpeg\" alt=\"\" class=\"wp-image-41751\" srcset=\"https:\/\/radiojehona.mk\/wp-content\/uploads\/2025\/03\/IMG_4690-935x1024.jpeg 935w, https:\/\/radiojehona.mk\/wp-content\/uploads\/2025\/03\/IMG_4690-274x300.jpeg 274w, https:\/\/radiojehona.mk\/wp-content\/uploads\/2025\/03\/IMG_4690-768x841.jpeg 768w, https:\/\/radiojehona.mk\/wp-content\/uploads\/2025\/03\/IMG_4690.jpeg 1284w\" sizes=\"(max-width: 935px) 100vw, 935px\" \/><\/figure>\n\n\n\n<p>Ish drejtori i Ansamblit Shkodran Tolaj ka n\u00eb TV7 ka folur p\u00ebr m\u00ebnyr\u00e7n se si e agj\u00ebron muajin e shenjt\u00eb t\u00eb Ramazanit.<\/p>\n\n\n\n<p>\u201cNe agj\u00ebrojm\u00eb shqip, si\u00e7 kan\u00eb agj\u00ebruar bab\u00eb e babgjysh. Nuk d\u00ebgjojm\u00eb ilahi arabe. Agj\u00ebrojm\u00eb krejt thjesht\u00eb.\u201d, \u00ebsht\u00eb shprehur Tolaj. (INA)<\/p>\n\n\n\n<p>Shiko videon:<\/p>\n\n\n\n<figure class=\"wp-block-embed\"><div class=\"wp-block-embed__wrapper\">\nhttps:\/\/www.facebook.com\/share\/r\/161Aa2NAV1\/?mibextid=wwXIfr\n<\/div><\/figure>\n","protected":false},"excerpt":{"rendered":"<p>Ish drejtori i Ansamblit Shkodran Tolaj ka n&euml; TV7 ka folur p&euml;r m&euml;nyr&ccedil;n se si e agj&euml;ron muajin e shenjt&euml; t&euml; Ramazanit. &ldquo;Ne agj&euml;rojm&euml; shqip, si&ccedil; kan&euml; agj&euml;ruar bab&euml; e babgjysh. Nuk d&euml;gjojm&euml; ilahi arabe. Agj&euml;rojm&euml; krejt thjesht&euml;.&rdquo;, &euml;sht&euml; shprehur Tolaj. (INA) Shiko videon:<\/p>\n","protected":false},"author":2,"featured_media":41752,"comment_status":"open","ping_status":"closed","sticky":false,"template":"","format":"standard","meta":{"_monsterinsights_skip_tracking":false,"_monsterinsights_sitenote_active":false,"_monsterinsights_sitenote_note":"","_monsterinsights_sitenote_category":0,"footnotes":""},"categories":[7],"tags":[],"class_list":["post-41750","post","type-post","status-publish","format-standard","has-post-thumbnail","hentry","category-showbizz"],"_links":{"self":[{"href":"https:\/\/radiojehona.mk\/index.php?rest_route=\/wp\/v2\/posts\/41750","targetHints":{"allow":["GET"]}}],"collection":[{"href":"https:\/\/radiojehona.mk\/index.php?rest_route=\/wp\/v2\/posts"}],"about":[{"href":"https:\/\/radiojehona.mk\/index.php?rest_route=\/wp\/v2\/types\/post"}],"author":[{"embeddable":true,"href":"https:\/\/radiojehona.mk\/index.php?rest_route=\/wp\/v2\/users\/2"}],"replies":[{"embeddable":true,"href":"https:\/\/radiojehona.mk\/index.php?rest_route=%2Fwp%2Fv2%2Fcomments&post=41750"}],"version-history":[{"count":2,"href":"https:\/\/radiojehona.mk\/index.php?rest_route=\/wp\/v2\/posts\/41750\/revisions"}],"predecessor-version":[{"id":41754,"href":"https:\/\/radiojehona.mk\/index.php?rest_route=\/wp\/v2\/posts\/41750\/revisions\/41754"}],"wp:featuredmedia":[{"embeddable":true,"href":"https:\/\/radiojehona.mk\/index.php?rest_route=\/wp\/v2\/media\/41752"}],"wp:attachment":[{"href":"https:\/\/radiojehona.mk\/index.php?rest_route=%2Fwp%2Fv2%2Fmedia&parent=41750"}],"wp:term":[{"taxonomy":"category","embeddable":true,"href":"https:\/\/radiojehona.mk\/index.php?rest_route=%2Fwp%2Fv2%2Fcategories&post=41750"},{"taxonomy":"post_tag","embeddable":true,"href":"https:\/\/radiojehona.mk\/index.php?rest_route=%2Fwp%2Fv2%2Ftags&post=41750"}],"curies":[{"name":"wp","href":"https:\/\/api.w.org\/{rel}","templated":true}]}}