{"id":41742,"date":"2025-03-18T13:15:00","date_gmt":"2025-03-18T13:15:00","guid":{"rendered":"https:\/\/radiojehona.com\/?p=41742"},"modified":"2025-03-18T13:15:04","modified_gmt":"2025-03-18T13:15:04","slug":"bosnja-leshon-nje-urdher-arrest-mbarekombetar-per-milorad-dodik","status":"publish","type":"post","link":"https:\/\/radiojehona.mk\/?p=41742","title":{"rendered":"Bosnja l\u00ebshon nj\u00eb urdh\u00ebr-arrest mbar\u00ebkomb\u00ebtar p\u00ebr Milorad Dodik"},"content":{"rendered":"\n<figure class=\"wp-block-image size-large\"><img fetchpriority=\"high\" decoding=\"async\" width=\"1024\" height=\"683\" src=\"https:\/\/radiojehona.com\/wp-content\/uploads\/2025\/03\/Dodik_Milorad_10-1068x712-1-1024x683.jpg\" alt=\"\" class=\"wp-image-41743\" srcset=\"https:\/\/radiojehona.mk\/wp-content\/uploads\/2025\/03\/Dodik_Milorad_10-1068x712-1-1024x683.jpg 1024w, https:\/\/radiojehona.mk\/wp-content\/uploads\/2025\/03\/Dodik_Milorad_10-1068x712-1-300x200.jpg 300w, https:\/\/radiojehona.mk\/wp-content\/uploads\/2025\/03\/Dodik_Milorad_10-1068x712-1-768x512.jpg 768w, https:\/\/radiojehona.mk\/wp-content\/uploads\/2025\/03\/Dodik_Milorad_10-1068x712-1.jpg 1068w\" sizes=\"(max-width: 1024px) 100vw, 1024px\" \/><figcaption class=\"wp-element-caption\">FILE &#8211; Bosnian Serb leader Milorad Dodik attends a joint press conference after their trilateral meeting with Turkey&#8217;s President Recep Tayyip Erdogan, Serbian President Aleksandar Vucic and members of Bosnia&#8217;s tripartite presidency, Muslim member Sefik Dzaferovic and Croat member Zeljko Komsic, in Belgrade, Serbia, Tuesday, Oct. 8, 2019. Bosnian Serb separatist leader wowed to carry on weakening his multiethnic, war-scarred country to the point where it will tear apart, despite the pledge by the United States to prevent such an outcome. &#8220;I am not irrational, I know that America&#8217;s response will be to use force\u2026but I have no reason to be frightened by that (realization) into sacrificing (Serb) national interests,&#8221; Milorad Dodik, the president of Bosnia&#8217;s Serb-run part, told The Associated Press in an interview Friday. (AP Photo\/Darko Vojinovic, File)<\/figcaption><\/figure>\n\n\n\n<p>Nj\u00eb gjykat\u00eb e Bosnje dhe Hercegovin\u00ebs ka l\u00ebshuar nj\u00eb urdh\u00ebr-arresti mbar\u00ebkomb\u00ebtar p\u00ebr Milorad Dodik dhe dy t\u00eb tjer\u00eb, pasi presidenti i entitetit t\u00eb Republika Srpska t\u00eb Bosnj\u00ebs, t\u00eb mbizot\u00ebruar nga serb\u00ebt, injoroi nj\u00eb urdh\u00ebr arresti n\u00eb nivel shtet\u00ebror jav\u00ebn e kaluar.<\/p>\n\n\n\n<p>Dy t\u00eb tjer\u00ebt jan\u00eb kryeministri i nj\u00ebsis\u00eb Radovan Vishkoviq dhe kryetari i Asambles\u00eb Komb\u00ebtare Nenad Stevandiq, shkruan Euronews, p\u00ebrcjell Telegrafi.<\/p>\n\n\n\n<p>Urdhri n\u00ebnkupton q\u00eb \u00e7do oficer policie n\u00eb vend q\u00eb ndeshet me ta, duhet t\u2019i arrestoj\u00eb menj\u00ebher\u00eb.<\/p>\n\n\n\n<p>T\u00eb gjith\u00eb ata akuzohen p\u00ebr sjellje antikushtetuese. Mediat boshnjake raportojn\u00eb se Stevandiq \u00ebsht\u00eb larguar nga vendi p\u00ebr n\u00eb Serbi.<\/p>\n\n\n\n<p>Prokuror\u00ebt e nivelit shtet\u00ebror t\u00eb Bosnj\u00ebs l\u00ebshuan urdhra arresti p\u00ebr treshen jav\u00ebn e kaluar, gj\u00eb q\u00eb nuk u zbatua.<\/p>\n\n\n\n<p>Dodik nuk ka komentuar ende urdhrin e ri, por ka shkruar n\u00eb rrjetet sociale se Republika Srpska po nd\u00ebrmerr hapa p\u00ebr t\u00eb formuar policin\u00eb e saj kufitare.<\/p>\n\n\n\n<p>Kjo do t\u00eb kontrolloj\u00eb kufirin midis Federat\u00ebs s\u00eb Bosnj\u00eb dhe Hercegovin\u00ebs dhe Republika Srpska, dy entitetet n\u00eb vend.<\/p>\n\n\n\n<p>Dodik, i cili m\u00eb par\u00eb tha se nuk e njeh zyr\u00ebn e prokurorit t\u00eb nivelit shtet\u00ebror t\u00eb vendit, ka hedhur posht\u00eb vlefshm\u00ebrin\u00eb e urdhrit t\u00eb jav\u00ebs s\u00eb kaluar dhe \u00e7do p\u00ebrpjekje p\u00ebr arrestimin e tij \u2013 dhe tha se nuk do t\u00eb shkoj\u00eb n\u00eb Sarajev\u00eb p\u00ebr t\u2019u marr\u00eb n\u00eb pyetje.<\/p>\n\n\n\n<p>Gjykata e nivelit shtet\u00ebror t\u00eb Bosnj\u00ebs e d\u00ebnoi Dodikun n\u00eb fund t\u00eb shkurtit p\u00ebr kund\u00ebrshtimin e vendimeve t\u00eb t\u00eb d\u00ebrguarit nd\u00ebrkomb\u00ebtar t\u00eb vendit p\u00ebr paqen, Christian Schmidt, q\u00eb p\u00ebrb\u00ebn nj\u00eb akt kriminal.<\/p>\n\n\n\n<p>Vendimi nuk \u00ebsht\u00eb p\u00ebrfundimtar dhe Dodik mund ta apeloj\u00eb at\u00eb.<\/p>\n\n\n\n<p>Menj\u00ebher\u00eb pas k\u00ebsaj, Dodik prezantoi ligje t\u00eb reja q\u00eb synojn\u00eb t\u00eb ndalojn\u00eb funksionimin e institucioneve t\u00eb siguris\u00eb dhe gjyq\u00ebsorit n\u00eb nivel shtet\u00ebror n\u00eb at\u00eb q\u00eb p\u00ebrfshin rreth gjysm\u00ebn e territorit t\u00eb vendit t\u00eb Ballkanit Per\u00ebndimor.<\/p>\n","protected":false},"excerpt":{"rendered":"<p>Nj&euml; gjykat&euml; e Bosnje dhe Hercegovin&euml;s ka l&euml;shuar nj&euml; urdh&euml;r-arresti mbar&euml;komb&euml;tar p&euml;r Milorad Dodik dhe dy t&euml; tjer&euml;, pasi presidenti i entitetit t&euml; Republika Srpska t&euml; Bosnj&euml;s, t&euml; mbizot&euml;ruar nga serb&euml;t, injoroi nj&euml; urdh&euml;r arresti n&euml; nivel shtet&euml;ror jav&euml;n e kaluar. Dy t&euml; tjer&euml;t jan&euml; kryeministri i nj&euml;sis&euml; Radovan Vishkoviq dhe kryetari i Asambles&euml; Komb&euml;tare [&hellip;]<\/p>\n","protected":false},"author":2,"featured_media":41743,"comment_status":"open","ping_status":"closed","sticky":false,"template":"","format":"standard","meta":{"_monsterinsights_skip_tracking":false,"_monsterinsights_sitenote_active":false,"_monsterinsights_sitenote_note":"","_monsterinsights_sitenote_category":0,"footnotes":""},"categories":[576],"tags":[],"class_list":["post-41742","post","type-post","status-publish","format-standard","has-post-thumbnail","hentry","category-rajoni"],"_links":{"self":[{"href":"https:\/\/radiojehona.mk\/index.php?rest_route=\/wp\/v2\/posts\/41742","targetHints":{"allow":["GET"]}}],"collection":[{"href":"https:\/\/radiojehona.mk\/index.php?rest_route=\/wp\/v2\/posts"}],"about":[{"href":"https:\/\/radiojehona.mk\/index.php?rest_route=\/wp\/v2\/types\/post"}],"author":[{"embeddable":true,"href":"https:\/\/radiojehona.mk\/index.php?rest_route=\/wp\/v2\/users\/2"}],"replies":[{"embeddable":true,"href":"https:\/\/radiojehona.mk\/index.php?rest_route=%2Fwp%2Fv2%2Fcomments&post=41742"}],"version-history":[{"count":2,"href":"https:\/\/radiojehona.mk\/index.php?rest_route=\/wp\/v2\/posts\/41742\/revisions"}],"predecessor-version":[{"id":41745,"href":"https:\/\/radiojehona.mk\/index.php?rest_route=\/wp\/v2\/posts\/41742\/revisions\/41745"}],"wp:featuredmedia":[{"embeddable":true,"href":"https:\/\/radiojehona.mk\/index.php?rest_route=\/wp\/v2\/media\/41743"}],"wp:attachment":[{"href":"https:\/\/radiojehona.mk\/index.php?rest_route=%2Fwp%2Fv2%2Fmedia&parent=41742"}],"wp:term":[{"taxonomy":"category","embeddable":true,"href":"https:\/\/radiojehona.mk\/index.php?rest_route=%2Fwp%2Fv2%2Fcategories&post=41742"},{"taxonomy":"post_tag","embeddable":true,"href":"https:\/\/radiojehona.mk\/index.php?rest_route=%2Fwp%2Fv2%2Ftags&post=41742"}],"curies":[{"name":"wp","href":"https:\/\/api.w.org\/{rel}","templated":true}]}}