{"id":41738,"date":"2025-03-18T13:11:57","date_gmt":"2025-03-18T13:11:57","guid":{"rendered":"https:\/\/radiojehona.com\/?p=41738"},"modified":"2025-03-18T13:12:00","modified_gmt":"2025-03-18T13:12:00","slug":"pas-donald-lu-iken-edhe-yuri-kim-trump-largon-ambasadoret-qe-goditen-liderin-e-opozites-shqiptare","status":"publish","type":"post","link":"https:\/\/radiojehona.mk\/?p=41738","title":{"rendered":"Pas Donald Lu, ik\u00ebn edhe Yuri Kim\/ Trump largon ambasador\u00ebt q\u00eb godit\u00ebn liderin e opozit\u00ebs shqiptare"},"content":{"rendered":"\n<figure class=\"wp-block-image size-full\"><img fetchpriority=\"high\" decoding=\"async\" width=\"900\" height=\"635\" src=\"https:\/\/radiojehona.com\/wp-content\/uploads\/2025\/03\/auto_kim1742291237.jpg\" alt=\"\" class=\"wp-image-41739\" srcset=\"https:\/\/radiojehona.mk\/wp-content\/uploads\/2025\/03\/auto_kim1742291237.jpg 900w, https:\/\/radiojehona.mk\/wp-content\/uploads\/2025\/03\/auto_kim1742291237-300x212.jpg 300w, https:\/\/radiojehona.mk\/wp-content\/uploads\/2025\/03\/auto_kim1742291237-768x542.jpg 768w\" sizes=\"(max-width: 900px) 100vw, 900px\" \/><\/figure>\n\n\n\n<p>Presidenti amerikan, Donald Trump ka vendosur t\u00eb largoj\u00eb dy ish-ambasador\u00ebt q\u00eb godit\u00ebn liderin e opozit\u00ebs shqiptare.<\/p>\n\n\n\n<p>Ish-ambasadori i SHBA-s\u00eb n\u00eb Shqip\u00ebri, Donald Lu, \u00ebsht\u00eb larguar nga posti i tij si Asistent Sekretar i Shtetit p\u00ebr \u00c7\u00ebshtjet e Azis\u00eb Jugore dhe Qendrore,\u00a0<a href=\"https:\/\/www.state.gov\/biographies\/donald-lu\">me p\u00ebrfundimin e mandatit m\u00eb 17 janar 2025.<\/a>Pas largimit t\u00eb Donald Lu nga diplomacia amerikane, lajm q\u00eb \u00ebsht\u00eb konfirmuar nga Departamenti Amerikan i Shtetit, duket se edhe ish-ambasadorja tjet\u00ebr e SHBA-ve n\u00eb Shqip\u00ebri, Yuri Kim, ka p\u00ebsuar t\u00eb nj\u00ebjtin fat.<\/p>\n\n\n\n<figure class=\"wp-block-image\"><img decoding=\"async\" src=\"https:\/\/ads1.medium.al\/www\/delivery\/lg.php?bannerid=0&amp;campaignid=0&amp;zoneid=232&amp;loc=https%3A%2F%2Fwww.syri.net%2Fpolitike%2F771871%2Fpas-donald-lu-iken-edhe-yuri-kim-trump-largon-ambasadoret-qe-goditen-liderin-e-opozites-shqiptare%2F&amp;referer=https%3A%2F%2Ffax.al%2F&amp;cb=dea3fc246d\" alt=\"\"\/><\/figure>\n\n\n\n<p>Kim mbante deri pak koh\u00eb m\u00eb par\u00eb detyr\u00ebn e Z\u00ebvend\u00ebs Ndihm\u00ebs Kryesore t\u00eb Sekretarit t\u00eb Shtetit p\u00ebr \u00e7\u00ebshtjet Evropiane dhe t\u00eb Aurazis\u00eb, si nj\u00eb diplomate karriere.<\/p>\n\n\n\n<p><a href=\"https:\/\/www.state.gov\/bureau-of-european-and-eurasian-affairs\/leadership-bureau-of-european-and-eurasian-affairs\">Mir\u00ebpo n\u00eb faqen zyrtare t\u00eb DASH, n\u00eb k\u00ebt\u00eb departament,<\/a>&nbsp;s\u00eb fundmi figurojn\u00eb vet\u00ebm emrat e&nbsp; Louis L.Bono, Joshua Huck, Sonata Coulter, Christoper Smith, Sharon Hudson-Dean dhe Courtney E. Austrian.<\/p>\n\n\n\n<p>Emri i Kim nuk figuron m\u00eb n\u00eb list\u00ebn e departamentit ku ishte e ngarkuar me detyra m\u00eb par\u00eb.<\/p>\n\n\n\n<p>Gjithashtu&nbsp;<a href=\"https:\/\/www.state.gov\/biographies\/yuri-kim\/\">emri i saj \u00ebsht\u00eb hequr bashk\u00eb me jet\u00ebshkrimin p\u00ebrkat\u00ebs nga faqja e DASH.<\/a><\/p>\n\n\n\n<p>Donald Trump ishte zotuar q\u00eb n\u00eb mandatin e tij t\u00eb par\u00eb se do ta luftonte \u201cDeep State\u201d, q\u00eb ndodhej sipas tij n\u00eb Departamentin e Shtetit, nj\u00eb struktur\u00eb q\u00eb sipas tij luante n\u00eb favor t\u00eb interesave t\u00eb err\u00ebta t\u00eb disa grupimeve t\u00eb caktuara influente n\u00eb qarqet politike dhe ekonomike globale.<\/p>\n\n\n\n<p>Me k\u00ebt\u00eb Trump sh\u00ebnjestronte kryesisht miliarderin George Soros, sipas tij strumbullari i t\u00eb gjitha vendimmarrjeve t\u00eb r\u00ebnd\u00ebsishme t\u00eb demokrat\u00ebve amerikan\u00eb.<\/p>\n\n\n\n<p><\/p>\n","protected":false},"excerpt":{"rendered":"<p>Presidenti amerikan, Donald Trump ka vendosur t&euml; largoj&euml; dy ish-ambasador&euml;t q&euml; godit&euml;n liderin e opozit&euml;s shqiptare. Ish-ambasadori i SHBA-s&euml; n&euml; Shqip&euml;ri, Donald Lu, &euml;sht&euml; larguar nga posti i tij si Asistent Sekretar i Shtetit p&euml;r &Ccedil;&euml;shtjet e Azis&euml; Jugore dhe Qendrore,&nbsp;me p&euml;rfundimin e mandatit m&euml; 17 janar 2025.Pas largimit t&euml; Donald Lu nga diplomacia amerikane, [&hellip;]<\/p>\n","protected":false},"author":2,"featured_media":41739,"comment_status":"open","ping_status":"closed","sticky":false,"template":"","format":"standard","meta":{"_monsterinsights_skip_tracking":false,"_monsterinsights_sitenote_active":false,"_monsterinsights_sitenote_note":"","_monsterinsights_sitenote_category":0,"footnotes":""},"categories":[569],"tags":[],"class_list":["post-41738","post","type-post","status-publish","format-standard","has-post-thumbnail","hentry","category-bota"],"_links":{"self":[{"href":"https:\/\/radiojehona.mk\/index.php?rest_route=\/wp\/v2\/posts\/41738","targetHints":{"allow":["GET"]}}],"collection":[{"href":"https:\/\/radiojehona.mk\/index.php?rest_route=\/wp\/v2\/posts"}],"about":[{"href":"https:\/\/radiojehona.mk\/index.php?rest_route=\/wp\/v2\/types\/post"}],"author":[{"embeddable":true,"href":"https:\/\/radiojehona.mk\/index.php?rest_route=\/wp\/v2\/users\/2"}],"replies":[{"embeddable":true,"href":"https:\/\/radiojehona.mk\/index.php?rest_route=%2Fwp%2Fv2%2Fcomments&post=41738"}],"version-history":[{"count":2,"href":"https:\/\/radiojehona.mk\/index.php?rest_route=\/wp\/v2\/posts\/41738\/revisions"}],"predecessor-version":[{"id":41741,"href":"https:\/\/radiojehona.mk\/index.php?rest_route=\/wp\/v2\/posts\/41738\/revisions\/41741"}],"wp:featuredmedia":[{"embeddable":true,"href":"https:\/\/radiojehona.mk\/index.php?rest_route=\/wp\/v2\/media\/41739"}],"wp:attachment":[{"href":"https:\/\/radiojehona.mk\/index.php?rest_route=%2Fwp%2Fv2%2Fmedia&parent=41738"}],"wp:term":[{"taxonomy":"category","embeddable":true,"href":"https:\/\/radiojehona.mk\/index.php?rest_route=%2Fwp%2Fv2%2Fcategories&post=41738"},{"taxonomy":"post_tag","embeddable":true,"href":"https:\/\/radiojehona.mk\/index.php?rest_route=%2Fwp%2Fv2%2Ftags&post=41738"}],"curies":[{"name":"wp","href":"https:\/\/api.w.org\/{rel}","templated":true}]}}