{"id":41733,"date":"2025-03-18T13:07:42","date_gmt":"2025-03-18T13:07:42","guid":{"rendered":"https:\/\/radiojehona.com\/?p=41733"},"modified":"2025-03-18T13:07:43","modified_gmt":"2025-03-18T13:07:43","slug":"shkup-fillon-inspektimi-i-kabareve-dhe-klubeve-nate-pas-tragjedise-ne-kocane","status":"publish","type":"post","link":"https:\/\/radiojehona.mk\/?p=41733","title":{"rendered":"Shkup, fillon inspektimi i kabareve dhe klubeve nate pas tragjedis\u00eb n\u00eb Ko\u00e7an\u00eb"},"content":{"rendered":"\n<figure class=\"wp-block-image size-full\"><img fetchpriority=\"high\" decoding=\"async\" width=\"700\" height=\"394\" src=\"https:\/\/radiojehona.com\/wp-content\/uploads\/2025\/03\/drzaven-pazaren-inspektorat-700x394-1.webp\" alt=\"\" class=\"wp-image-41734\" srcset=\"https:\/\/radiojehona.mk\/wp-content\/uploads\/2025\/03\/drzaven-pazaren-inspektorat-700x394-1.webp 700w, https:\/\/radiojehona.mk\/wp-content\/uploads\/2025\/03\/drzaven-pazaren-inspektorat-700x394-1-300x169.webp 300w\" sizes=\"(max-width: 700px) 100vw, 700px\" \/><\/figure>\n\n\n\n<p>Fillon inspektimi n\u00eb terren i t\u00eb gjitha subjekteve t\u00eb regjistruara si kabare, disko apo klube nate, pas t\u00eb cilit autoritetet do t\u00eb dalin me informacione t\u00eb detajuara.<\/p>\n\n\n\n<p>Fillimin e inspektimeve e ka paralajm\u00ebruar dje kryeministri Hristijan Mickoski pas nj\u00eb takimi koordinues me drejtorin e Inspektoratit Shtet\u00ebror t\u00eb Tregut Vlatko Stojkoski dhe ministrin e Ekonomis\u00eb dhe Pun\u00ebs Besar Durmishi, n\u00eb t\u00eb cilin \u00ebsht\u00eb biseduar p\u00ebr procedurat e nd\u00ebrmarra nga institucionet kompetente deri m\u00eb tani dhe analizat e gjera t\u00eb t\u00eb gjitha subjekteve t\u00eb regjistruara si kabare, klube nate apo disko.<\/p>\n\n\n\n<p>Kryeministri Mickoski koh\u00eb m\u00eb par\u00eb tha se do t\u00eb filloj\u00eb nj\u00eb aksion t\u00eb fuqish\u00ebm p\u00ebr kontrollimin e t\u00eb gjitha dokumenteve n\u00eb objektet hotelierike, pas zjarrit t\u00eb tmerrsh\u00ebm n\u00eb nj\u00eb diskotek\u00eb n\u00eb Ko\u00e7an, ku deri m\u00eb tani kan\u00eb humbur jet\u00ebn 59 persona dhe jan\u00eb l\u00ebnduar 155.<\/p>\n","protected":false},"excerpt":{"rendered":"<p>Fillon inspektimi n&euml; terren i t&euml; gjitha subjekteve t&euml; regjistruara si kabare, disko apo klube nate, pas t&euml; cilit autoritetet do t&euml; dalin me informacione t&euml; detajuara. Fillimin e inspektimeve e ka paralajm&euml;ruar dje kryeministri Hristijan Mickoski pas nj&euml; takimi koordinues me drejtorin e Inspektoratit Shtet&euml;ror t&euml; Tregut Vlatko Stojkoski dhe ministrin e Ekonomis&euml; dhe [&hellip;]<\/p>\n","protected":false},"author":2,"featured_media":41734,"comment_status":"open","ping_status":"closed","sticky":false,"template":"","format":"standard","meta":{"_monsterinsights_skip_tracking":false,"_monsterinsights_sitenote_active":false,"_monsterinsights_sitenote_note":"","_monsterinsights_sitenote_category":0,"footnotes":""},"categories":[1],"tags":[],"class_list":["post-41733","post","type-post","status-publish","format-standard","has-post-thumbnail","hentry","category-vendi"],"_links":{"self":[{"href":"https:\/\/radiojehona.mk\/index.php?rest_route=\/wp\/v2\/posts\/41733","targetHints":{"allow":["GET"]}}],"collection":[{"href":"https:\/\/radiojehona.mk\/index.php?rest_route=\/wp\/v2\/posts"}],"about":[{"href":"https:\/\/radiojehona.mk\/index.php?rest_route=\/wp\/v2\/types\/post"}],"author":[{"embeddable":true,"href":"https:\/\/radiojehona.mk\/index.php?rest_route=\/wp\/v2\/users\/2"}],"replies":[{"embeddable":true,"href":"https:\/\/radiojehona.mk\/index.php?rest_route=%2Fwp%2Fv2%2Fcomments&post=41733"}],"version-history":[{"count":2,"href":"https:\/\/radiojehona.mk\/index.php?rest_route=\/wp\/v2\/posts\/41733\/revisions"}],"predecessor-version":[{"id":41736,"href":"https:\/\/radiojehona.mk\/index.php?rest_route=\/wp\/v2\/posts\/41733\/revisions\/41736"}],"wp:featuredmedia":[{"embeddable":true,"href":"https:\/\/radiojehona.mk\/index.php?rest_route=\/wp\/v2\/media\/41734"}],"wp:attachment":[{"href":"https:\/\/radiojehona.mk\/index.php?rest_route=%2Fwp%2Fv2%2Fmedia&parent=41733"}],"wp:term":[{"taxonomy":"category","embeddable":true,"href":"https:\/\/radiojehona.mk\/index.php?rest_route=%2Fwp%2Fv2%2Fcategories&post=41733"},{"taxonomy":"post_tag","embeddable":true,"href":"https:\/\/radiojehona.mk\/index.php?rest_route=%2Fwp%2Fv2%2Ftags&post=41733"}],"curies":[{"name":"wp","href":"https:\/\/api.w.org\/{rel}","templated":true}]}}