{"id":41729,"date":"2025-03-18T13:05:58","date_gmt":"2025-03-18T13:05:58","guid":{"rendered":"https:\/\/radiojehona.com\/?p=41729"},"modified":"2025-03-18T13:05:59","modified_gmt":"2025-03-18T13:05:59","slug":"kreshnik-bekteshi-dergohet-ne-burgun-e-shutkes","status":"publish","type":"post","link":"https:\/\/radiojehona.mk\/?p=41729","title":{"rendered":"Kreshnik Bekteshi d\u00ebrgohet n\u00eb Burgun e Shutk\u00ebs"},"content":{"rendered":"\n<figure class=\"wp-block-image size-full\"><img fetchpriority=\"high\" decoding=\"async\" width=\"860\" height=\"442\" src=\"https:\/\/radiojehona.com\/wp-content\/uploads\/2025\/03\/Screenshot_2025-03-17-18-43-34-478_com.google.android.youtube-edit-860x442-1.jpg\" alt=\"\" class=\"wp-image-41730\" srcset=\"https:\/\/radiojehona.mk\/wp-content\/uploads\/2025\/03\/Screenshot_2025-03-17-18-43-34-478_com.google.android.youtube-edit-860x442-1.jpg 860w, https:\/\/radiojehona.mk\/wp-content\/uploads\/2025\/03\/Screenshot_2025-03-17-18-43-34-478_com.google.android.youtube-edit-860x442-1-300x154.jpg 300w, https:\/\/radiojehona.mk\/wp-content\/uploads\/2025\/03\/Screenshot_2025-03-17-18-43-34-478_com.google.android.youtube-edit-860x442-1-768x395.jpg 768w\" sizes=\"(max-width: 860px) 100vw, 860px\" \/><\/figure>\n\n\n\n<p>Gjykata ThemP\u00ebrve\u00e7 tij, edhe pes\u00eb t\u00eb dyshuar t\u00eb tjer\u00eb do t\u00eb vuajn\u00eb mas\u00ebn e paraburgimit afatshkurt\u00ebr n\u00eb k\u00ebt\u00eb burg.<\/p>\n\n\n\n<p>N\u00eb total, 14 persona jan\u00eb n\u00eb paraburgim sipas propozimit t\u00eb prokuroris\u00eb.elore e Ko\u00e7anit shp\u00ebrndau informacionin se disa nga t\u00eb dyshuarit jan\u00eb transferuar n\u00eb burgun e Shkupit, nd\u00ebrsa disa t\u00eb tjer\u00eb n\u00eb burgun e Kumanov\u00ebs.<\/p>\n\n\n\n<p>Ish-ministri i Ekonomis\u00eb, Kreshnik Bekteshi, \u00ebsht\u00eb transferuar n\u00eb Shutk\u00eb von\u00eb n\u00eb mbr\u00ebmje, konfirmoi drejtori i burgut.<\/p>\n","protected":false},"excerpt":{"rendered":"<p>Gjykata ThemP&euml;rve&ccedil; tij, edhe pes&euml; t&euml; dyshuar t&euml; tjer&euml; do t&euml; vuajn&euml; mas&euml;n e paraburgimit afatshkurt&euml;r n&euml; k&euml;t&euml; burg. N&euml; total, 14 persona jan&euml; n&euml; paraburgim sipas propozimit t&euml; prokuroris&euml;.elore e Ko&ccedil;anit shp&euml;rndau informacionin se disa nga t&euml; dyshuarit jan&euml; transferuar n&euml; burgun e Shkupit, nd&euml;rsa disa t&euml; tjer&euml; n&euml; burgun e Kumanov&euml;s. Ish-ministri i [&hellip;]<\/p>\n","protected":false},"author":2,"featured_media":41730,"comment_status":"open","ping_status":"closed","sticky":false,"template":"","format":"standard","meta":{"_monsterinsights_skip_tracking":false,"_monsterinsights_sitenote_active":false,"_monsterinsights_sitenote_note":"","_monsterinsights_sitenote_category":0,"footnotes":""},"categories":[1],"tags":[],"class_list":["post-41729","post","type-post","status-publish","format-standard","has-post-thumbnail","hentry","category-vendi"],"_links":{"self":[{"href":"https:\/\/radiojehona.mk\/index.php?rest_route=\/wp\/v2\/posts\/41729","targetHints":{"allow":["GET"]}}],"collection":[{"href":"https:\/\/radiojehona.mk\/index.php?rest_route=\/wp\/v2\/posts"}],"about":[{"href":"https:\/\/radiojehona.mk\/index.php?rest_route=\/wp\/v2\/types\/post"}],"author":[{"embeddable":true,"href":"https:\/\/radiojehona.mk\/index.php?rest_route=\/wp\/v2\/users\/2"}],"replies":[{"embeddable":true,"href":"https:\/\/radiojehona.mk\/index.php?rest_route=%2Fwp%2Fv2%2Fcomments&post=41729"}],"version-history":[{"count":2,"href":"https:\/\/radiojehona.mk\/index.php?rest_route=\/wp\/v2\/posts\/41729\/revisions"}],"predecessor-version":[{"id":41732,"href":"https:\/\/radiojehona.mk\/index.php?rest_route=\/wp\/v2\/posts\/41729\/revisions\/41732"}],"wp:featuredmedia":[{"embeddable":true,"href":"https:\/\/radiojehona.mk\/index.php?rest_route=\/wp\/v2\/media\/41730"}],"wp:attachment":[{"href":"https:\/\/radiojehona.mk\/index.php?rest_route=%2Fwp%2Fv2%2Fmedia&parent=41729"}],"wp:term":[{"taxonomy":"category","embeddable":true,"href":"https:\/\/radiojehona.mk\/index.php?rest_route=%2Fwp%2Fv2%2Fcategories&post=41729"},{"taxonomy":"post_tag","embeddable":true,"href":"https:\/\/radiojehona.mk\/index.php?rest_route=%2Fwp%2Fv2%2Ftags&post=41729"}],"curies":[{"name":"wp","href":"https:\/\/api.w.org\/{rel}","templated":true}]}}