{"id":41726,"date":"2025-03-18T13:04:12","date_gmt":"2025-03-18T13:04:12","guid":{"rendered":"https:\/\/radiojehona.com\/?p=41726"},"modified":"2025-03-18T13:04:20","modified_gmt":"2025-03-18T13:04:20","slug":"pas-tragjedise-ne-kocan-toshkovski-fillon-me-shkarkime-ne-mpb","status":"publish","type":"post","link":"https:\/\/radiojehona.mk\/?p=41726","title":{"rendered":"Pas tragjedis\u00eb n\u00eb Ko\u00e7an, Toshkovski fillon me shkarkime n\u00eb MPB"},"content":{"rendered":"\n<figure class=\"wp-block-image size-full\"><img fetchpriority=\"high\" decoding=\"async\" width=\"800\" height=\"533\" src=\"https:\/\/radiojehona.com\/wp-content\/uploads\/2025\/03\/toshkovski.jpg\" alt=\"\" class=\"wp-image-41727\" srcset=\"https:\/\/radiojehona.mk\/wp-content\/uploads\/2025\/03\/toshkovski.jpg 800w, https:\/\/radiojehona.mk\/wp-content\/uploads\/2025\/03\/toshkovski-300x200.jpg 300w, https:\/\/radiojehona.mk\/wp-content\/uploads\/2025\/03\/toshkovski-768x512.jpg 768w\" sizes=\"(max-width: 800px) 100vw, 800px\" \/><\/figure>\n\n\n\n<p>Ministri p\u00ebr Pun\u00eb t\u00eb Brendshme, Pan\u00e7e Toshkovski, pas tragjedis\u00eb n\u00eb Ko\u00e7ani ka marr\u00eb vendim p\u00ebr shkarkime n\u00eb pozitat udh\u00ebheq\u00ebse n\u00eb MPB- Ko\u00e7ani dhe Shtip.<br>Shkarkohen nga detyra:<br>Shefi i Sektorit p\u00ebr Pun\u00eb t\u00eb Brendshme n\u00eb Shtip<br>Z\u00ebvend\u00ebsshefi i SPB Shtip<br>Shefi i Nj\u00ebsis\u00eb s\u00eb Policis\u00eb n\u00eb Shtip<br>Shefi i Nj\u00ebsis\u00eb p\u00ebr Polici Kriminalistike n\u00eb Shtip<br>Shefi i Nj\u00ebsis\u00eb p\u00ebr Pun\u00eb t\u00eb Brendshme n\u00eb Ko\u00e7an<br>Komandanti i Stacionit Policor me Juridiksion t\u00eb P\u00ebrgjithsh\u00ebm n\u00eb Ko\u00e7an<br>Shefi i Zyr\u00ebs s\u00eb Jashtme p\u00ebr \u00c7\u00ebshtje Kriminalistike n\u00eb Ko\u00e7an.<br>Nga Ministria e Pun\u00ebve t\u00eb Brendshme paralajm\u00ebruan m\u00eb shum\u00eb detaje p\u00ebr shkarkimet gjat\u00eb dit\u00ebs n\u00eb nj\u00eb konferenc\u00eb p\u00ebr shtyp. \/SHENJA\/<\/p>\n","protected":false},"excerpt":{"rendered":"<p>Ministri p&euml;r Pun&euml; t&euml; Brendshme, Pan&ccedil;e Toshkovski, pas tragjedis&euml; n&euml; Ko&ccedil;ani ka marr&euml; vendim p&euml;r shkarkime n&euml; pozitat udh&euml;heq&euml;se n&euml; MPB- Ko&ccedil;ani dhe Shtip.Shkarkohen nga detyra:Shefi i Sektorit p&euml;r Pun&euml; t&euml; Brendshme n&euml; ShtipZ&euml;vend&euml;sshefi i SPB ShtipShefi i Nj&euml;sis&euml; s&euml; Policis&euml; n&euml; ShtipShefi i Nj&euml;sis&euml; p&euml;r Polici Kriminalistike n&euml; ShtipShefi i Nj&euml;sis&euml; p&euml;r Pun&euml; t&euml; [&hellip;]<\/p>\n","protected":false},"author":2,"featured_media":41727,"comment_status":"open","ping_status":"closed","sticky":false,"template":"","format":"standard","meta":{"_monsterinsights_skip_tracking":false,"_monsterinsights_sitenote_active":false,"_monsterinsights_sitenote_note":"","_monsterinsights_sitenote_category":0,"footnotes":""},"categories":[1],"tags":[],"class_list":["post-41726","post","type-post","status-publish","format-standard","has-post-thumbnail","hentry","category-vendi"],"_links":{"self":[{"href":"https:\/\/radiojehona.mk\/index.php?rest_route=\/wp\/v2\/posts\/41726","targetHints":{"allow":["GET"]}}],"collection":[{"href":"https:\/\/radiojehona.mk\/index.php?rest_route=\/wp\/v2\/posts"}],"about":[{"href":"https:\/\/radiojehona.mk\/index.php?rest_route=\/wp\/v2\/types\/post"}],"author":[{"embeddable":true,"href":"https:\/\/radiojehona.mk\/index.php?rest_route=\/wp\/v2\/users\/2"}],"replies":[{"embeddable":true,"href":"https:\/\/radiojehona.mk\/index.php?rest_route=%2Fwp%2Fv2%2Fcomments&post=41726"}],"version-history":[{"count":1,"href":"https:\/\/radiojehona.mk\/index.php?rest_route=\/wp\/v2\/posts\/41726\/revisions"}],"predecessor-version":[{"id":41728,"href":"https:\/\/radiojehona.mk\/index.php?rest_route=\/wp\/v2\/posts\/41726\/revisions\/41728"}],"wp:featuredmedia":[{"embeddable":true,"href":"https:\/\/radiojehona.mk\/index.php?rest_route=\/wp\/v2\/media\/41727"}],"wp:attachment":[{"href":"https:\/\/radiojehona.mk\/index.php?rest_route=%2Fwp%2Fv2%2Fmedia&parent=41726"}],"wp:term":[{"taxonomy":"category","embeddable":true,"href":"https:\/\/radiojehona.mk\/index.php?rest_route=%2Fwp%2Fv2%2Fcategories&post=41726"},{"taxonomy":"post_tag","embeddable":true,"href":"https:\/\/radiojehona.mk\/index.php?rest_route=%2Fwp%2Fv2%2Ftags&post=41726"}],"curies":[{"name":"wp","href":"https:\/\/api.w.org\/{rel}","templated":true}]}}