{"id":41721,"date":"2025-03-18T13:02:04","date_gmt":"2025-03-18T13:02:04","guid":{"rendered":"https:\/\/radiojehona.com\/?p=41721"},"modified":"2025-03-18T13:02:05","modified_gmt":"2025-03-18T13:02:05","slug":"fillon-rigjykimi-per-spitalin-modular-ne-tetove-te-akuzuarit-deklarohen-te-pafajshem","status":"publish","type":"post","link":"https:\/\/radiojehona.mk\/?p=41721","title":{"rendered":"Fillon rigjykimi p\u00ebr spitalin modular n\u00eb Tetov\u00eb, t\u00eb akuzuarit deklarohen t\u00eb pafajsh\u00ebm"},"content":{"rendered":"\n<figure class=\"wp-block-image size-full\"><img fetchpriority=\"high\" decoding=\"async\" width=\"780\" height=\"439\" src=\"https:\/\/radiojehona.com\/wp-content\/uploads\/2025\/03\/gjykata-e-tetoves-780x439-1.png\" alt=\"\" class=\"wp-image-41722\" srcset=\"https:\/\/radiojehona.mk\/wp-content\/uploads\/2025\/03\/gjykata-e-tetoves-780x439-1.png 780w, https:\/\/radiojehona.mk\/wp-content\/uploads\/2025\/03\/gjykata-e-tetoves-780x439-1-300x169.png 300w, https:\/\/radiojehona.mk\/wp-content\/uploads\/2025\/03\/gjykata-e-tetoves-780x439-1-768x432.png 768w\" sizes=\"(max-width: 780px) 100vw, 780px\" \/><\/figure>\n\n\n\n<p>Ka filluar seanca kryesore e rigjykimit p\u00ebr spitalin modular n\u00eb Tetov\u00eb, e cila deri m\u00eb tani \u00ebsht\u00eb shtyr\u00eb kat\u00ebr her\u00eb. Drejtor\u00ebt e at\u00ebhersh\u00ebm Florin Besimi dhe Artan Etemi, t\u00eb cil\u00ebt akuzohen p\u00ebr vepr\u00ebn penale \u201ckrime t\u00eb r\u00ebnda kund\u00ebr siguris\u00eb publike\u201d, u deklaruan t\u00eb pafajsh\u00ebm.<\/p>\n\n\n\n<p>Gjithashtu p\u00ebrfaq\u00ebsuesi i personit juridik ISHP Spitali Klinik p\u00ebr vepr\u00ebn penale \u201cshkaktim i rrezikut t\u00eb p\u00ebrgjithsh\u00ebm\u201d deklaroi se nuk ndihen p\u00ebrgjegj\u00ebs. Pas deklarimit, gjyqtari i ri kryesor, Rexhep Musa, dha pauz\u00eb prej gjysm\u00eb ore.<\/p>\n\n\n\n<p>Ndryshe, Gjykata e Apelit n\u00eb Gostivar vendosi n\u00eb prill t\u00eb vitit 2024 p\u00ebr rigjykim t\u00eb dy ish-drejtor\u00ebve dhe Spitalit Klinik si person juridik. Procesi ishte dashur t\u00eb fillonte m\u00eb 26 qershor 2024, por u shty p\u00ebr n\u00eb 25 shtator 2024, m\u00eb pas n\u00eb 5 n\u00ebntor 2024 dhe n\u00eb 15 janar 2025.<\/p>\n\n\n\n<p>M\u00eb 5 qershor 2023, Gjykata Themelore e Tetov\u00ebs shqiptoi d\u00ebnim me kusht p\u00ebr drejtor\u00ebt e akuzuar Florin Besimi dhe Artan Etemi p\u00ebr vepr\u00ebn penale \u201cvepra t\u00eb r\u00ebnda kund\u00ebr siguris\u00eb publike\u201d, nd\u00ebrsa personi juridik ISHP Spitali Klinik \u00ebsht\u00eb shpallur fajtor p\u00ebr vepr\u00ebn penale \u201cshkaktim i rrezikut publik\u201d, nd\u00ebrsa gjykata vendosi t\u00eb liroj\u00eb Boban Vu\u00e7evskin dhe Spitalin Klinik p\u00ebr vepr\u00ebn penale \u201cmosrespektim i rregullave sh\u00ebndet\u00ebsore\u201d.<\/p>\n\n\n\n<p>Sipas aktgjykimit, t\u00eb pandehurit Florin Besimi dhe Artan Etemi jan\u00eb d\u00ebnuar me nj\u00eb vit e gjasht\u00eb muaj burg, me kusht, nd\u00ebrsa d\u00ebnimi me burg nuk do t\u00eb kryhet n\u00ebse t\u00eb pandehurit nuk kryejn\u00eb vep\u00ebr t\u00eb re brenda tre viteve.<\/p>\n\n\n\n<p>P\u00ebr zjarrin n\u00eb spitalin modular t\u00eb Tetov\u00ebs q\u00eb ndodhi m\u00eb 8 shtator 2021, ku humb\u00ebn jet\u00ebn 14 persona, m\u00eb 27 korrik 2022, Prokuroria pas dhjet\u00eb muajsh t\u00eb procedur\u00ebs hetimore ka ngritur aktakuz\u00eb n\u00eb Gjykat\u00ebn Themelore t\u00eb Tetov\u00ebs.\/Telegrafi\/<\/p>\n","protected":false},"excerpt":{"rendered":"<p>Ka filluar seanca kryesore e rigjykimit p&euml;r spitalin modular n&euml; Tetov&euml;, e cila deri m&euml; tani &euml;sht&euml; shtyr&euml; kat&euml;r her&euml;. Drejtor&euml;t e at&euml;hersh&euml;m Florin Besimi dhe Artan Etemi, t&euml; cil&euml;t akuzohen p&euml;r vepr&euml;n penale &ldquo;krime t&euml; r&euml;nda kund&euml;r siguris&euml; publike&rdquo;, u deklaruan t&euml; pafajsh&euml;m. Gjithashtu p&euml;rfaq&euml;suesi i personit juridik ISHP Spitali Klinik p&euml;r vepr&euml;n penale [&hellip;]<\/p>\n","protected":false},"author":2,"featured_media":41722,"comment_status":"open","ping_status":"closed","sticky":false,"template":"","format":"standard","meta":{"_monsterinsights_skip_tracking":false,"_monsterinsights_sitenote_active":false,"_monsterinsights_sitenote_note":"","_monsterinsights_sitenote_category":0,"footnotes":""},"categories":[1],"tags":[],"class_list":["post-41721","post","type-post","status-publish","format-standard","has-post-thumbnail","hentry","category-vendi"],"_links":{"self":[{"href":"https:\/\/radiojehona.mk\/index.php?rest_route=\/wp\/v2\/posts\/41721","targetHints":{"allow":["GET"]}}],"collection":[{"href":"https:\/\/radiojehona.mk\/index.php?rest_route=\/wp\/v2\/posts"}],"about":[{"href":"https:\/\/radiojehona.mk\/index.php?rest_route=\/wp\/v2\/types\/post"}],"author":[{"embeddable":true,"href":"https:\/\/radiojehona.mk\/index.php?rest_route=\/wp\/v2\/users\/2"}],"replies":[{"embeddable":true,"href":"https:\/\/radiojehona.mk\/index.php?rest_route=%2Fwp%2Fv2%2Fcomments&post=41721"}],"version-history":[{"count":2,"href":"https:\/\/radiojehona.mk\/index.php?rest_route=\/wp\/v2\/posts\/41721\/revisions"}],"predecessor-version":[{"id":41724,"href":"https:\/\/radiojehona.mk\/index.php?rest_route=\/wp\/v2\/posts\/41721\/revisions\/41724"}],"wp:featuredmedia":[{"embeddable":true,"href":"https:\/\/radiojehona.mk\/index.php?rest_route=\/wp\/v2\/media\/41722"}],"wp:attachment":[{"href":"https:\/\/radiojehona.mk\/index.php?rest_route=%2Fwp%2Fv2%2Fmedia&parent=41721"}],"wp:term":[{"taxonomy":"category","embeddable":true,"href":"https:\/\/radiojehona.mk\/index.php?rest_route=%2Fwp%2Fv2%2Fcategories&post=41721"},{"taxonomy":"post_tag","embeddable":true,"href":"https:\/\/radiojehona.mk\/index.php?rest_route=%2Fwp%2Fv2%2Ftags&post=41721"}],"curies":[{"name":"wp","href":"https:\/\/api.w.org\/{rel}","templated":true}]}}