{"id":41717,"date":"2025-03-18T13:00:12","date_gmt":"2025-03-18T13:00:12","guid":{"rendered":"https:\/\/radiojehona.com\/?p=41717"},"modified":"2025-03-18T13:00:13","modified_gmt":"2025-03-18T13:00:13","slug":"kadriu-e-ashper-ndaj-mickoskit-ai-duhet-te-pergjigjet-nuk-jane-vetem-shqiptaret-ata-qe-djegin-institucione","status":"publish","type":"post","link":"https:\/\/radiojehona.mk\/?p=41717","title":{"rendered":"Kadriu e ashp\u00ebr ndaj Mickoskit: Ai duhet t\u00eb p\u00ebrgjigjet, nuk jan\u00eb vet\u00ebm shqiptar\u00ebt ata q\u00eb djegin institucione"},"content":{"rendered":"\n<figure class=\"wp-block-image size-large\"><img fetchpriority=\"high\" decoding=\"async\" width=\"1024\" height=\"618\" src=\"https:\/\/radiojehona.com\/wp-content\/uploads\/2025\/03\/IMG_9353-1024x618.jpeg\" alt=\"\" class=\"wp-image-41718\" srcset=\"https:\/\/radiojehona.mk\/wp-content\/uploads\/2025\/03\/IMG_9353-1024x618.jpeg 1024w, https:\/\/radiojehona.mk\/wp-content\/uploads\/2025\/03\/IMG_9353-300x181.jpeg 300w, https:\/\/radiojehona.mk\/wp-content\/uploads\/2025\/03\/IMG_9353-768x464.jpeg 768w, https:\/\/radiojehona.mk\/wp-content\/uploads\/2025\/03\/IMG_9353.jpeg 1179w\" sizes=\"(max-width: 1024px) 100vw, 1024px\" \/><\/figure>\n\n\n\n<p>Ish n\u00ebnkryetarja e L\u00ebvizjes Besa, Besa Kadriu s\u00ebrish ka reaguar ndaj deklarat\u00ebs s\u00eb kryeministrit Hristijan Mickoski, i cili duke komentuar konferencat p\u00ebr shtyp t\u00eb BDI-s\u00eb pas rastit tragjik n\u00eb Ko\u00e7an, tha se \u201cp\u00ebr veshi do t\u2019i nxjerrim nga sht\u00ebpit\u00eb\u201d ish-funksionar\u00ebt. Kadriu n\u00eb deklarat\u00eb p\u00ebr TV21 tha se Mickoski duhet fillimisht t\u00eb marr\u00eb p\u00ebrgjegj\u00ebsi, pastaj t\u00eb k\u00ebrkohet p\u00ebrgjegj\u00ebsi edhe nga ish pushteti ekzekutiv.<\/p>\n\n\n\n<p>\u201cUn\u00eb kam reaguar edhe at\u00ebher\u00eb dhe reagoj edhe sot, dhe do t\u00eb vazhdoj\u00eb t\u00eb reagoj\u00eb n\u00eb \u00e7do moment kur gishti do t\u00eb drejtohet vet\u00ebm nga shqiptar\u00ebt. Jo, Mickoski \u00ebsht\u00eb kryeminist\u00ebr dhe n\u00eb qoft\u00eb se ai e ka pasur shumic\u00ebn dhe krekoset me at\u00eb shumic\u00eb dhe ka luajtur me kart\u00ebn e nacionalizmit, nuk duhet ta drejtoj\u00eb gishtin nga shqiptar\u00ebt, se nuk jan\u00eb vet\u00ebm shqiptar\u00ebt ato q\u00eb djegin institucione dhe nuk mbart askush p\u00ebrgjegj\u00ebsi. \u00cbsht\u00eb nj\u00eb vit ai q\u00eb ka pozit\u00eb, \u00ebsht\u00eb nj\u00eb vit kryeminist\u00ebr i k\u00ebtij vendi dhe mbi t\u00eb gjitha, n\u00eb radh\u00eb t\u00eb par\u00eb, akt moral \u00ebsht\u00eb ai t\u00eb p\u00ebrgjigjet, pastaj t\u00eb k\u00ebrkoj\u00eb llogari nga pjesa e t\u00eb kaluar\u00ebs, sepse ajo pjes\u00eb e t\u00eb kaluar\u00ebs i ka inkorporuar dhe instaluar k\u00ebto njer\u00ebz q\u00eb sot i bartin gjith\u00eb kot\u00eb pozita\u201d, tha mes tjerash Kadriu n\u00eb deklarat\u00eb p\u00ebr TV21.<\/p>\n","protected":false},"excerpt":{"rendered":"<p>Ish n&euml;nkryetarja e L&euml;vizjes Besa, Besa Kadriu s&euml;rish ka reaguar ndaj deklarat&euml;s s&euml; kryeministrit Hristijan Mickoski, i cili duke komentuar konferencat p&euml;r shtyp t&euml; BDI-s&euml; pas rastit tragjik n&euml; Ko&ccedil;an, tha se &ldquo;p&euml;r veshi do t&rsquo;i nxjerrim nga sht&euml;pit&euml;&rdquo; ish-funksionar&euml;t. Kadriu n&euml; deklarat&euml; p&euml;r TV21 tha se Mickoski duhet fillimisht t&euml; marr&euml; p&euml;rgjegj&euml;si, pastaj t&euml; [&hellip;]<\/p>\n","protected":false},"author":2,"featured_media":41718,"comment_status":"open","ping_status":"closed","sticky":false,"template":"","format":"standard","meta":{"_monsterinsights_skip_tracking":false,"_monsterinsights_sitenote_active":false,"_monsterinsights_sitenote_note":"","_monsterinsights_sitenote_category":0,"footnotes":""},"categories":[1],"tags":[],"class_list":["post-41717","post","type-post","status-publish","format-standard","has-post-thumbnail","hentry","category-vendi"],"_links":{"self":[{"href":"https:\/\/radiojehona.mk\/index.php?rest_route=\/wp\/v2\/posts\/41717","targetHints":{"allow":["GET"]}}],"collection":[{"href":"https:\/\/radiojehona.mk\/index.php?rest_route=\/wp\/v2\/posts"}],"about":[{"href":"https:\/\/radiojehona.mk\/index.php?rest_route=\/wp\/v2\/types\/post"}],"author":[{"embeddable":true,"href":"https:\/\/radiojehona.mk\/index.php?rest_route=\/wp\/v2\/users\/2"}],"replies":[{"embeddable":true,"href":"https:\/\/radiojehona.mk\/index.php?rest_route=%2Fwp%2Fv2%2Fcomments&post=41717"}],"version-history":[{"count":2,"href":"https:\/\/radiojehona.mk\/index.php?rest_route=\/wp\/v2\/posts\/41717\/revisions"}],"predecessor-version":[{"id":41720,"href":"https:\/\/radiojehona.mk\/index.php?rest_route=\/wp\/v2\/posts\/41717\/revisions\/41720"}],"wp:featuredmedia":[{"embeddable":true,"href":"https:\/\/radiojehona.mk\/index.php?rest_route=\/wp\/v2\/media\/41718"}],"wp:attachment":[{"href":"https:\/\/radiojehona.mk\/index.php?rest_route=%2Fwp%2Fv2%2Fmedia&parent=41717"}],"wp:term":[{"taxonomy":"category","embeddable":true,"href":"https:\/\/radiojehona.mk\/index.php?rest_route=%2Fwp%2Fv2%2Fcategories&post=41717"},{"taxonomy":"post_tag","embeddable":true,"href":"https:\/\/radiojehona.mk\/index.php?rest_route=%2Fwp%2Fv2%2Ftags&post=41717"}],"curies":[{"name":"wp","href":"https:\/\/api.w.org\/{rel}","templated":true}]}}