{"id":41174,"date":"2025-02-18T01:06:24","date_gmt":"2025-02-18T01:06:24","guid":{"rendered":"https:\/\/radiojehona.com\/?p=41174"},"modified":"2025-02-18T01:06:24","modified_gmt":"2025-02-18T01:06:24","slug":"shakira-shtrohet-ne-spital-shkak-problemet-me-stomakun","status":"publish","type":"post","link":"https:\/\/radiojehona.mk\/?p=41174","title":{"rendered":"Shakira shtrohet n\u00eb spital, shkak problemet me stomakun"},"content":{"rendered":"\n<figure class=\"wp-block-image size-large\"><img fetchpriority=\"high\" decoding=\"async\" width=\"682\" height=\"1024\" src=\"https:\/\/radiojehona.com\/wp-content\/uploads\/2025\/02\/auto_Screenshot_2025-02-17_2152521739825660-682x1024.jpg\" alt=\"\" class=\"wp-image-41175\" srcset=\"https:\/\/radiojehona.mk\/wp-content\/uploads\/2025\/02\/auto_Screenshot_2025-02-17_2152521739825660-682x1024.jpg 682w, https:\/\/radiojehona.mk\/wp-content\/uploads\/2025\/02\/auto_Screenshot_2025-02-17_2152521739825660-200x300.jpg 200w, https:\/\/radiojehona.mk\/wp-content\/uploads\/2025\/02\/auto_Screenshot_2025-02-17_2152521739825660-768x1153.jpg 768w, https:\/\/radiojehona.mk\/wp-content\/uploads\/2025\/02\/auto_Screenshot_2025-02-17_2152521739825660.jpg 850w\" sizes=\"(max-width: 682px) 100vw, 682px\" \/><\/figure>\n\n\n\n<p>K\u00ebng\u00ebtarja kolumbiane Shakira ka anuluar nj\u00eb koncert n\u00eb Lima pasi \u00ebsht\u00eb shtruar n\u00eb spital p\u00ebr shkak t\u00eb problemeve me stomakun.<\/p>\n\n\n\n<p>Ajo ka njoftuar n\u00eb llogarin\u00eb e saj n\u00eb Instagram dhe X se aktualisht \u00ebsht\u00eb e shtruar n\u00eb spital dhe se mjek\u00ebt e kan\u00eb njoftuar se nuk \u00ebsht\u00eb n\u00eb gjendje t\u00eb performoj\u00eb, transmeton&nbsp;<strong>AP<\/strong>.<\/p>\n\n\n\n<p><em>\u201cJam shum\u00eb e trishtuar q\u00eb nuk do t\u00eb mund t\u00eb dal n\u00eb sken\u00eb. Isha thell\u00ebsisht e emocionuar q\u00eb u ribashkova me publikun tim t\u00eb dashur peruan,\u201d<\/em>&nbsp;tha Shakira.<\/p>\n\n\n\n<p>Ajo shtoi se plani i saj \u00ebsht\u00eb q\u00eb ta realizoj\u00eb k\u00ebt\u00eb koncert sa m\u00eb shpejt dhe se ekipi i saj tashm\u00eb jan\u00eb duke punuar p\u00ebr nj\u00eb dat\u00eb t\u00eb re.<\/p>\n\n\n\n<p>K\u00ebng\u00ebtarja mb\u00ebrriti n\u00eb Peru t\u00eb premten mbr\u00ebma, ku ishte planifikuar t\u00eb performonte t\u00eb diel\u00ebn dhe t\u00eb h\u00ebn\u00ebn, dhe ky vend \u00ebsht\u00eb ndalesa e dyt\u00eb n\u00eb turneun e saj n\u00eb Amerik\u00ebn Latine.<\/p>\n\n\n\n<p>Turneu i Shakira-s vazhdon n\u00eb t\u00eb gjith\u00eb Amerik\u00ebn Latine p\u00ebrpara se t\u00eb shkoj\u00eb n\u00eb Kanada dhe SHBA n\u00eb maj p\u00ebr nj\u00eb ser koncertesh deri n\u00eb qershor.<\/p>\n","protected":false},"excerpt":{"rendered":"<p>K&euml;ng&euml;tarja kolumbiane Shakira ka anuluar nj&euml; koncert n&euml; Lima pasi &euml;sht&euml; shtruar n&euml; spital p&euml;r shkak t&euml; problemeve me stomakun. Ajo ka njoftuar n&euml; llogarin&euml; e saj n&euml; Instagram dhe X se aktualisht &euml;sht&euml; e shtruar n&euml; spital dhe se mjek&euml;t e kan&euml; njoftuar se nuk &euml;sht&euml; n&euml; gjendje t&euml; performoj&euml;, transmeton&nbsp;AP. &ldquo;Jam shum&euml; e [&hellip;]<\/p>\n","protected":false},"author":2,"featured_media":41175,"comment_status":"open","ping_status":"closed","sticky":false,"template":"","format":"standard","meta":{"_monsterinsights_skip_tracking":false,"_monsterinsights_sitenote_active":false,"_monsterinsights_sitenote_note":"","_monsterinsights_sitenote_category":0,"footnotes":""},"categories":[7],"tags":[],"class_list":["post-41174","post","type-post","status-publish","format-standard","has-post-thumbnail","hentry","category-showbizz"],"_links":{"self":[{"href":"https:\/\/radiojehona.mk\/index.php?rest_route=\/wp\/v2\/posts\/41174","targetHints":{"allow":["GET"]}}],"collection":[{"href":"https:\/\/radiojehona.mk\/index.php?rest_route=\/wp\/v2\/posts"}],"about":[{"href":"https:\/\/radiojehona.mk\/index.php?rest_route=\/wp\/v2\/types\/post"}],"author":[{"embeddable":true,"href":"https:\/\/radiojehona.mk\/index.php?rest_route=\/wp\/v2\/users\/2"}],"replies":[{"embeddable":true,"href":"https:\/\/radiojehona.mk\/index.php?rest_route=%2Fwp%2Fv2%2Fcomments&post=41174"}],"version-history":[{"count":2,"href":"https:\/\/radiojehona.mk\/index.php?rest_route=\/wp\/v2\/posts\/41174\/revisions"}],"predecessor-version":[{"id":41177,"href":"https:\/\/radiojehona.mk\/index.php?rest_route=\/wp\/v2\/posts\/41174\/revisions\/41177"}],"wp:featuredmedia":[{"embeddable":true,"href":"https:\/\/radiojehona.mk\/index.php?rest_route=\/wp\/v2\/media\/41175"}],"wp:attachment":[{"href":"https:\/\/radiojehona.mk\/index.php?rest_route=%2Fwp%2Fv2%2Fmedia&parent=41174"}],"wp:term":[{"taxonomy":"category","embeddable":true,"href":"https:\/\/radiojehona.mk\/index.php?rest_route=%2Fwp%2Fv2%2Fcategories&post=41174"},{"taxonomy":"post_tag","embeddable":true,"href":"https:\/\/radiojehona.mk\/index.php?rest_route=%2Fwp%2Fv2%2Ftags&post=41174"}],"curies":[{"name":"wp","href":"https:\/\/api.w.org\/{rel}","templated":true}]}}