{"id":41166,"date":"2025-02-17T12:36:34","date_gmt":"2025-02-17T12:36:34","guid":{"rendered":"https:\/\/radiojehona.com\/?p=41166"},"modified":"2025-02-17T12:36:34","modified_gmt":"2025-02-17T12:36:34","slug":"gashi-per-pavaresine-e-kosoves-kjo-dite-eshte-feste-e-cdo-shqiptari","status":"publish","type":"post","link":"https:\/\/radiojehona.mk\/?p=41166","title":{"rendered":"Gashi p\u00ebr pavar\u00ebsin\u00eb e Kosov\u00ebs: Kjo dit\u00eb \u00ebsht\u00eb fest\u00eb e \u00e7do shqiptari!"},"content":{"rendered":"\n<figure class=\"wp-block-image size-large\"><img fetchpriority=\"high\" decoding=\"async\" width=\"1024\" height=\"594\" src=\"https:\/\/radiojehona.com\/wp-content\/uploads\/2025\/02\/IMG_0857-1024x594.jpeg\" alt=\"\" class=\"wp-image-41167\" srcset=\"https:\/\/radiojehona.mk\/wp-content\/uploads\/2025\/02\/IMG_0857-1024x594.jpeg 1024w, https:\/\/radiojehona.mk\/wp-content\/uploads\/2025\/02\/IMG_0857-300x174.jpeg 300w, https:\/\/radiojehona.mk\/wp-content\/uploads\/2025\/02\/IMG_0857-768x446.jpeg 768w, https:\/\/radiojehona.mk\/wp-content\/uploads\/2025\/02\/IMG_0857.jpeg 1125w\" sizes=\"(max-width: 1024px) 100vw, 1024px\" \/><\/figure>\n\n\n\n<p>Kryetari i Kuvendit, Afrim Gashi n\u00eb Dit\u00ebn e Pavar\u00ebsis\u00eb s\u00eb Kosov\u00ebs, ka shkruar se kjo dit\u00eb paraqet fest\u00eb p\u00ebr \u00e7do shqiptar\u00eb.<br>\u201cDita e Pavar\u00ebsis\u00eb s\u00eb Republik\u00ebs s\u00eb Kosov\u00ebs shpreh fest\u00ebn e \u00e7do shqiptari, duke sh\u00ebnuar nj\u00eb rrug\u00ebtim t\u00eb mundimsh\u00ebm, por triumfues, drejt liris\u00eb dhe pavar\u00ebsis\u00eb.<br>Si kryetar i Kuvendit t\u00eb Maqedonis\u00eb s\u00eb Veriut, e shfryt\u00ebzoj k\u00ebt\u00eb mund\u00ebsi p\u00ebr ta theksuar partneritetin dhe marr\u00ebdh\u00ebniet e shk\u00eblqyera miq\u00ebsore mes dy vendeve tona. Nd\u00ebrtimi i shtetit t\u00eb suskessh\u00ebm demokratik dhe integrimi i Kosov\u00ebs jan\u00eb betejat paq\u00ebsore q\u00eb qytetari kosovar meriton t\u2019i fitoj\u00eb!<br>Urime 17 Shkurti i Pavar\u00ebsis\u00eb s\u00eb Kosov\u00ebs!\u201d, ka shkruar kryetari i Kuvendit, Afrim Gashi.<\/p>\n","protected":false},"excerpt":{"rendered":"<p>Kryetari i Kuvendit, Afrim Gashi n&euml; Dit&euml;n e Pavar&euml;sis&euml; s&euml; Kosov&euml;s, ka shkruar se kjo dit&euml; paraqet fest&euml; p&euml;r &ccedil;do shqiptar&euml;.&ldquo;Dita e Pavar&euml;sis&euml; s&euml; Republik&euml;s s&euml; Kosov&euml;s shpreh fest&euml;n e &ccedil;do shqiptari, duke sh&euml;nuar nj&euml; rrug&euml;tim t&euml; mundimsh&euml;m, por triumfues, drejt liris&euml; dhe pavar&euml;sis&euml;.Si kryetar i Kuvendit t&euml; Maqedonis&euml; s&euml; Veriut, e shfryt&euml;zoj k&euml;t&euml; mund&euml;si [&hellip;]<\/p>\n","protected":false},"author":2,"featured_media":41167,"comment_status":"open","ping_status":"closed","sticky":false,"template":"","format":"standard","meta":{"_monsterinsights_skip_tracking":false,"_monsterinsights_sitenote_active":false,"_monsterinsights_sitenote_note":"","_monsterinsights_sitenote_category":0,"footnotes":""},"categories":[1],"tags":[],"class_list":["post-41166","post","type-post","status-publish","format-standard","has-post-thumbnail","hentry","category-vendi"],"_links":{"self":[{"href":"https:\/\/radiojehona.mk\/index.php?rest_route=\/wp\/v2\/posts\/41166","targetHints":{"allow":["GET"]}}],"collection":[{"href":"https:\/\/radiojehona.mk\/index.php?rest_route=\/wp\/v2\/posts"}],"about":[{"href":"https:\/\/radiojehona.mk\/index.php?rest_route=\/wp\/v2\/types\/post"}],"author":[{"embeddable":true,"href":"https:\/\/radiojehona.mk\/index.php?rest_route=\/wp\/v2\/users\/2"}],"replies":[{"embeddable":true,"href":"https:\/\/radiojehona.mk\/index.php?rest_route=%2Fwp%2Fv2%2Fcomments&post=41166"}],"version-history":[{"count":2,"href":"https:\/\/radiojehona.mk\/index.php?rest_route=\/wp\/v2\/posts\/41166\/revisions"}],"predecessor-version":[{"id":41169,"href":"https:\/\/radiojehona.mk\/index.php?rest_route=\/wp\/v2\/posts\/41166\/revisions\/41169"}],"wp:featuredmedia":[{"embeddable":true,"href":"https:\/\/radiojehona.mk\/index.php?rest_route=\/wp\/v2\/media\/41167"}],"wp:attachment":[{"href":"https:\/\/radiojehona.mk\/index.php?rest_route=%2Fwp%2Fv2%2Fmedia&parent=41166"}],"wp:term":[{"taxonomy":"category","embeddable":true,"href":"https:\/\/radiojehona.mk\/index.php?rest_route=%2Fwp%2Fv2%2Fcategories&post=41166"},{"taxonomy":"post_tag","embeddable":true,"href":"https:\/\/radiojehona.mk\/index.php?rest_route=%2Fwp%2Fv2%2Ftags&post=41166"}],"curies":[{"name":"wp","href":"https:\/\/api.w.org\/{rel}","templated":true}]}}