{"id":41162,"date":"2025-02-17T12:34:07","date_gmt":"2025-02-17T12:34:07","guid":{"rendered":"https:\/\/radiojehona.com\/?p=41162"},"modified":"2025-02-17T12:34:07","modified_gmt":"2025-02-17T12:34:07","slug":"ushtria-e-policia-parakalojne-per-17-vjetorin-e-pavaresise","status":"publish","type":"post","link":"https:\/\/radiojehona.mk\/?p=41162","title":{"rendered":"Ushtria e Policia parakalojn\u00eb p\u00ebr 17-vjetorin e Pavar\u00ebsis\u00eb"},"content":{"rendered":"\n<figure class=\"wp-block-image size-large\"><img fetchpriority=\"high\" decoding=\"async\" width=\"1024\" height=\"659\" src=\"https:\/\/radiojehona.com\/wp-content\/uploads\/2025\/02\/IMG_0856-1024x659.jpeg\" alt=\"\" class=\"wp-image-41163\" srcset=\"https:\/\/radiojehona.mk\/wp-content\/uploads\/2025\/02\/IMG_0856-1024x659.jpeg 1024w, https:\/\/radiojehona.mk\/wp-content\/uploads\/2025\/02\/IMG_0856-300x193.jpeg 300w, https:\/\/radiojehona.mk\/wp-content\/uploads\/2025\/02\/IMG_0856-768x494.jpeg 768w, https:\/\/radiojehona.mk\/wp-content\/uploads\/2025\/02\/IMG_0856.jpeg 1125w\" sizes=\"(max-width: 1024px) 100vw, 1024px\" \/><\/figure>\n\n\n\n<p>Ushtria dhe Policia e Kosov\u00ebs kan\u00eb parakaluar n\u00ebp\u00ebr sheshet e Prishtin\u00ebs n\u00eb 17-vjetorin e Pavar\u00ebsis\u00eb s\u00eb Kosov\u00ebs.<\/p>\n\n\n\n<p>Mij\u00ebra qytetar\u00eb kan\u00eb shikuar maraton\u00ebn ushtarake dhe policore, me pajisje deh automjete luftarake.<\/p>\n\n\n\n<p>Para se t\u00eb niste parakalimi presidentja e Kosov\u00ebs, Vjosa Osmani, ka th\u00ebn\u00eb se populli i Kosov\u00ebs ka luftuar dhe sakrifikuar p\u00ebr Pavar\u00ebsi.<\/p>\n\n\n\n<figure class=\"wp-block-image\"><img decoding=\"async\" src=\"https:\/\/resources.koha.net\/wysying\/2025\/February\/17\/770f93c3-5040-49ab-9782-032be217ed45.webp?q=90&amp;w=980\" alt=\"\"\/><\/figure>\n\n\n\n<p>\u201cN\u00eb k\u00ebt\u00eb 17-vjetor t\u00eb shtetit ton\u00eb ne jemi k\u00ebtu sepse q\u00ebndruam dhe rezistuam. Ne jemi sot k\u00ebtu sepse luftuam sepse sakrifikuam sepse nuk u p\u00ebrkul\u00ebm kurr\u00eb para dhun\u00ebs, para padrejt\u00ebsis\u00eb dhe mizorive\u201d, \u00ebsht\u00eb shprehur Osmani.<\/p>\n\n\n\n<p>Ajo ka th\u00ebn\u00eb se \u201cfal\u00eb ushtris\u00eb dhe policis\u00eb q\u00eb sot parakalojn\u00eb arrit\u00ebm ta mbrojm\u00eb edhe \u00e7do p\u00ebll\u00ebmb\u00eb t\u00eb shtetit ton\u00eb\u201d.<\/p>\n\n\n\n<p>Osmani n\u00eb fjalimin e saj ka p\u00ebrmendur ish-presidentin Ibrahim Rugova si dhe sakrific\u00ebn e familjes s\u00eb komandantit legjendar t\u00eb U\u00c7K-s\u00eb, Adem Jashari e t\u00eb gjith\u00eb ushtar\u00ebve t\u00eb U\u00c7K-s\u00eb.<br>Gjithashtu ka fal\u00ebnderuar edhe miqt\u00eb e Kosov\u00ebs.&nbsp;<\/p>\n\n\n\n<p>\u201cNe nuk harrojm\u00eb ndihm\u00ebn e tyre sepse Kosova ka miq dhe miqt\u00eb e Kosov\u00ebs jan\u00eb miqt\u00eb e liris\u00eb\u201d, \u00ebsht\u00eb shprehur Osmani.<\/p>\n\n\n\n<p>Ajo ka th\u00ebn\u00eb se ushtria e Kosov\u00ebs do t\u00eb jet\u00eb gjithnj\u00eb n\u00eb mbrojtje te paqes dhe sovranitetit.<\/p>\n\n\n\n<p>\u201cKosova megjithat\u00eb nuk \u00ebsht\u00eb vet\u00ebm nj\u00eb cop\u00eb tok\u00eb Kosova \u00ebsht\u00eb frym\u00eb shpirt dhe mision i p\u00ebrhersh\u00ebm &#8230; Kushdo q\u00eb guxon ta v\u00ebr\u00eb n\u00eb dyshim k\u00ebt\u00eb realitet le ta d\u00ebgjoj z\u00ebrin e popullit sot. Sot ne t\u00eb gjith\u00eb populli i Kosov\u00ebs jemi bashk\u00eb, populli i Kosov\u00ebs feston si nj\u00eb, me dhe krenari, pavar\u00ebsisht dallimeve, sfidave &#8230; ne mbesim t\u00eb bashkuar p\u00ebr atdheun ton\u00eb, p\u00ebr Republik\u00ebn ton\u00eb t\u00eb dashur\u201d, \u00ebsht\u00eb shprehur Osmani.<\/p>\n\n\n\n<p>Nd\u00ebrsa kryeministri Albin Kurti ka th\u00ebn\u00eb se pas vetes shtrihet n\u00eb t\u00eb kaluar\u00ebn historia e gjat\u00eb e rezistenc\u00ebs, luft\u00ebs dhe angazhimit t\u00eb popullit p\u00ebr t\u00eb arritur n\u00eb k\u00ebt\u00eb dit\u00eb.&nbsp;<\/p>\n\n\n\n<figure class=\"wp-block-image\"><img decoding=\"async\" src=\"https:\/\/resources.koha.net\/wysying\/2025\/February\/17\/00dcf206-68cb-4b59-95d7-63fbf78382ab.webp?q=90&amp;w=980\" alt=\"\"\/><\/figure>\n\n\n\n<p>\u201cN\u00eb mes t\u00eb k\u00ebtij sheshi jemi ne t\u00eb zgjedhurit e popullit ton\u00eb, mbi themelet e k\u00ebtij raporti demokratik \u00ebsht\u00eb ngritur edhe vazhdon t\u00eb mir\u00ebmbahet Republika e Kosov\u00ebs q\u00eb nga zgjedhjet e 17 n\u00ebntorit 2007 q\u00eb e nxor\u00ebn legjislatur\u00ebn e Kuvendit t\u00eb Kosov\u00ebs, e cila e shpalli Pavar\u00ebsin\u00eb m\u00eb 17 shkurt 2008 si p\u00ebrfaq\u00ebsues t\u00eb popullit\u201d, ka th\u00ebn\u00eb Kurti.<\/p>\n\n\n\n<p>Sipas tij, n\u00eb historin\u00eb moderne t\u00eb Evrop\u00ebs, krijimi i shtetit t\u00eb Kosov\u00ebs \u00ebsht\u00eb nj\u00eb nga historit\u00eb m\u00eb t\u00eb fuqishme.<\/p>\n\n\n\n<p>\u201cRepublika e Kosov\u00ebs nj\u00ebmend \u00ebsht\u00eb shteti m\u00eb i ri n\u00eb kontinentin e vjet\u00ebr, por ai mund te jet\u00eb shteti me p\u00ebrpjekjen m\u00eb t\u00eb gjat\u00eb t\u00eb p\u00ebrpjekjes p\u00ebr krijimin e tij. Teksa po e sh\u00ebnojm\u00eb 17 vjetorin le t\u2019i kujtojm\u00eb t\u00eb gjitha grat\u00eb dhe burrat q\u00eb luftuan e sakrifikuan p\u00ebr k\u00ebt\u00eb dit\u00eb q\u00eb e g\u00ebzojm\u00eb sot. Ne jemi popull autokton, q\u00eb do t\u00eb thot\u00eb se historia nuk na fillon e as na mbaron me asnj\u00ebrin brez\u201d, ka shtuar Kurti.<\/p>\n\n\n\n<p>Ai ka th\u00ebn\u00eb se Republika e Kosov\u00ebs \u00ebsht\u00eb rezultat i protestave qytetare, demonstratave popullore, i grevave t\u00eb pun\u00ebtor\u00ebve e t\u00eb minator\u00ebve, i dhjet\u00ebra mij\u00ebra t\u00eb burgosurve politik\u00eb q\u00eb kaluan qindra shekuj n\u00ebp\u00ebr burgje, q\u00eb nga Adem Dema\u00e7i e deri te Ukshin Hoti, i luft\u00ebs s\u00eb Ushtris\u00eb \u00c7lirimtare t\u00eb Kosov\u00ebs t\u00eb ndihmuar nga aleat\u00ebt per\u00ebndimor, me n\u00eb krye SHBA-n\u00eb.<\/p>\n","protected":false},"excerpt":{"rendered":"<p>Ushtria dhe Policia e Kosov&euml;s kan&euml; parakaluar n&euml;p&euml;r sheshet e Prishtin&euml;s n&euml; 17-vjetorin e Pavar&euml;sis&euml; s&euml; Kosov&euml;s. Mij&euml;ra qytetar&euml; kan&euml; shikuar maraton&euml;n ushtarake dhe policore, me pajisje deh automjete luftarake. Para se t&euml; niste parakalimi presidentja e Kosov&euml;s, Vjosa Osmani, ka th&euml;n&euml; se populli i Kosov&euml;s ka luftuar dhe sakrifikuar p&euml;r Pavar&euml;si. &ldquo;N&euml; k&euml;t&euml; 17-vjetor [&hellip;]<\/p>\n","protected":false},"author":2,"featured_media":41163,"comment_status":"open","ping_status":"closed","sticky":false,"template":"","format":"standard","meta":{"_monsterinsights_skip_tracking":false,"_monsterinsights_sitenote_active":false,"_monsterinsights_sitenote_note":"","_monsterinsights_sitenote_category":0,"footnotes":""},"categories":[576],"tags":[],"class_list":["post-41162","post","type-post","status-publish","format-standard","has-post-thumbnail","hentry","category-rajoni"],"_links":{"self":[{"href":"https:\/\/radiojehona.mk\/index.php?rest_route=\/wp\/v2\/posts\/41162","targetHints":{"allow":["GET"]}}],"collection":[{"href":"https:\/\/radiojehona.mk\/index.php?rest_route=\/wp\/v2\/posts"}],"about":[{"href":"https:\/\/radiojehona.mk\/index.php?rest_route=\/wp\/v2\/types\/post"}],"author":[{"embeddable":true,"href":"https:\/\/radiojehona.mk\/index.php?rest_route=\/wp\/v2\/users\/2"}],"replies":[{"embeddable":true,"href":"https:\/\/radiojehona.mk\/index.php?rest_route=%2Fwp%2Fv2%2Fcomments&post=41162"}],"version-history":[{"count":2,"href":"https:\/\/radiojehona.mk\/index.php?rest_route=\/wp\/v2\/posts\/41162\/revisions"}],"predecessor-version":[{"id":41165,"href":"https:\/\/radiojehona.mk\/index.php?rest_route=\/wp\/v2\/posts\/41162\/revisions\/41165"}],"wp:featuredmedia":[{"embeddable":true,"href":"https:\/\/radiojehona.mk\/index.php?rest_route=\/wp\/v2\/media\/41163"}],"wp:attachment":[{"href":"https:\/\/radiojehona.mk\/index.php?rest_route=%2Fwp%2Fv2%2Fmedia&parent=41162"}],"wp:term":[{"taxonomy":"category","embeddable":true,"href":"https:\/\/radiojehona.mk\/index.php?rest_route=%2Fwp%2Fv2%2Fcategories&post=41162"},{"taxonomy":"post_tag","embeddable":true,"href":"https:\/\/radiojehona.mk\/index.php?rest_route=%2Fwp%2Fv2%2Ftags&post=41162"}],"curies":[{"name":"wp","href":"https:\/\/api.w.org\/{rel}","templated":true}]}}