{"id":41159,"date":"2025-02-17T12:32:18","date_gmt":"2025-02-17T12:32:18","guid":{"rendered":"https:\/\/radiojehona.com\/?p=41159"},"modified":"2025-02-17T12:32:19","modified_gmt":"2025-02-17T12:32:19","slug":"grenell-thaci-ati-themeltar-i-shtetesise-se-kosoves-do-te-duhej-te-festonte-sot-ne-prishtine-jo-pas-hekurave","status":"publish","type":"post","link":"https:\/\/radiojehona.mk\/?p=41159","title":{"rendered":"Grenell: Tha\u00e7i, ati themeltar i shtet\u00ebsis\u00eb s\u00eb Kosov\u00ebs do t\u00eb duhej t\u00eb festonte sot n\u00eb Prishtin\u00eb, jo pas hekurave"},"content":{"rendered":"\n<figure class=\"wp-block-image size-large\"><img fetchpriority=\"high\" decoding=\"async\" width=\"1024\" height=\"654\" src=\"https:\/\/radiojehona.com\/wp-content\/uploads\/2025\/02\/IMG_0855-1024x654.jpeg\" alt=\"\" class=\"wp-image-41160\" srcset=\"https:\/\/radiojehona.mk\/wp-content\/uploads\/2025\/02\/IMG_0855-1024x654.jpeg 1024w, https:\/\/radiojehona.mk\/wp-content\/uploads\/2025\/02\/IMG_0855-300x192.jpeg 300w, https:\/\/radiojehona.mk\/wp-content\/uploads\/2025\/02\/IMG_0855-768x491.jpeg 768w, https:\/\/radiojehona.mk\/wp-content\/uploads\/2025\/02\/IMG_0855.jpeg 1125w\" sizes=\"(max-width: 1024px) 100vw, 1024px\" \/><\/figure>\n\n\n\n<p>Emisari amerikan p\u00ebr misione t\u00eb posa\u00e7me, Richard Grenell, ka uruar Pavar\u00ebsin\u00eb e Kosov\u00ebs, duke e p\u00ebrmendur mospranin\u00eb e atij q\u00eb e shpalli pavar\u00ebsin\u00eb, Hashim Tha\u00e7i, p\u00ebr fest\u00eb n\u00eb Prishtin\u00eb.<\/p>\n\n\n\n<p>Teksa ka uruar miqt\u00eb e tij n\u00eb Kosov\u00eb p\u00ebr k\u00ebt\u00eb fest\u00eb, ai ka th\u00ebn\u00eb se ky moment historik \u00ebsht\u00eb l\u00ebn\u00eb n\u00eb hije nga nj\u00eb padrejt\u00ebsi \u201ce r\u00ebnd\u00eb\u201d.<\/p>\n\n\n\n<p>\u201cThemeluesi i shtet\u00ebsis\u00eb s\u00eb Kosov\u00ebs, presidenti Hashim Tha\u00e7i, duhet t\u00eb festoj\u00eb sot n\u00eb Prishtin\u00eb \u2013 jo pas hekurave n\u00eb Hag\u00eb. Evropian\u00ebt nuk kan\u00eb arritur t\u00eb veprojn\u00eb kund\u00ebr k\u00ebsaj padrejt\u00ebsie n\u00eb 5 vitet e fundit\u201d, ka shkruar Grenelli n\u00eb platform\u00ebn \u201cX\u201d.<\/p>\n\n\n\n<p>Sipas tij, institucionet e Kosov\u00ebs kan\u00eb d\u00ebshtuar t\u00eb nd\u00ebrmarrin veprimet e nevojshme ligjore p\u00ebr t&#8217;i dh\u00ebn\u00eb fund k\u00ebsaj, si\u00e7 e ka quajtur ai, padrejt\u00ebsie &#8211; p\u00ebr shkak t\u00eb politik\u00ebs.<\/p>\n\n\n\n<p>\u201cKy burgim i padrejt\u00eb duhet t\u00eb marr\u00eb fund\u201d, ka shtuar ai, duke e p\u00ebrmendur edhe emrin e kryeprokurorit n\u00eb Hag\u00eb, Jack Smith.<\/p>\n","protected":false},"excerpt":{"rendered":"<p>Emisari amerikan p&euml;r misione t&euml; posa&ccedil;me, Richard Grenell, ka uruar Pavar&euml;sin&euml; e Kosov&euml;s, duke e p&euml;rmendur mospranin&euml; e atij q&euml; e shpalli pavar&euml;sin&euml;, Hashim Tha&ccedil;i, p&euml;r fest&euml; n&euml; Prishtin&euml;. Teksa ka uruar miqt&euml; e tij n&euml; Kosov&euml; p&euml;r k&euml;t&euml; fest&euml;, ai ka th&euml;n&euml; se ky moment historik &euml;sht&euml; l&euml;n&euml; n&euml; hije nga nj&euml; padrejt&euml;si &ldquo;e [&hellip;]<\/p>\n","protected":false},"author":2,"featured_media":41160,"comment_status":"open","ping_status":"closed","sticky":false,"template":"","format":"standard","meta":{"_monsterinsights_skip_tracking":false,"_monsterinsights_sitenote_active":false,"_monsterinsights_sitenote_note":"","_monsterinsights_sitenote_category":0,"footnotes":""},"categories":[576],"tags":[],"class_list":["post-41159","post","type-post","status-publish","format-standard","has-post-thumbnail","hentry","category-rajoni"],"_links":{"self":[{"href":"https:\/\/radiojehona.mk\/index.php?rest_route=\/wp\/v2\/posts\/41159","targetHints":{"allow":["GET"]}}],"collection":[{"href":"https:\/\/radiojehona.mk\/index.php?rest_route=\/wp\/v2\/posts"}],"about":[{"href":"https:\/\/radiojehona.mk\/index.php?rest_route=\/wp\/v2\/types\/post"}],"author":[{"embeddable":true,"href":"https:\/\/radiojehona.mk\/index.php?rest_route=\/wp\/v2\/users\/2"}],"replies":[{"embeddable":true,"href":"https:\/\/radiojehona.mk\/index.php?rest_route=%2Fwp%2Fv2%2Fcomments&post=41159"}],"version-history":[{"count":1,"href":"https:\/\/radiojehona.mk\/index.php?rest_route=\/wp\/v2\/posts\/41159\/revisions"}],"predecessor-version":[{"id":41161,"href":"https:\/\/radiojehona.mk\/index.php?rest_route=\/wp\/v2\/posts\/41159\/revisions\/41161"}],"wp:featuredmedia":[{"embeddable":true,"href":"https:\/\/radiojehona.mk\/index.php?rest_route=\/wp\/v2\/media\/41160"}],"wp:attachment":[{"href":"https:\/\/radiojehona.mk\/index.php?rest_route=%2Fwp%2Fv2%2Fmedia&parent=41159"}],"wp:term":[{"taxonomy":"category","embeddable":true,"href":"https:\/\/radiojehona.mk\/index.php?rest_route=%2Fwp%2Fv2%2Fcategories&post=41159"},{"taxonomy":"post_tag","embeddable":true,"href":"https:\/\/radiojehona.mk\/index.php?rest_route=%2Fwp%2Fv2%2Ftags&post=41159"}],"curies":[{"name":"wp","href":"https:\/\/api.w.org\/{rel}","templated":true}]}}