{"id":41155,"date":"2025-02-17T12:29:39","date_gmt":"2025-02-17T12:29:39","guid":{"rendered":"https:\/\/radiojehona.com\/?p=41155"},"modified":"2025-02-17T12:29:40","modified_gmt":"2025-02-17T12:29:40","slug":"kosova-17-vjet-shtet-ceremonia-e-parakalimit-te-fsk-dhe-policise-se-kosoves-osmani-krenaria-jone","status":"publish","type":"post","link":"https:\/\/radiojehona.mk\/?p=41155","title":{"rendered":"Kosova, 17 vjet shtet\/ Ceremonia e parakalimit t\u00eb FSK dhe Policis\u00eb s\u00eb Kosov\u00ebs. Osmani: Krenaria jon\u00eb"},"content":{"rendered":"\n<figure class=\"wp-block-image size-large\"><img fetchpriority=\"high\" decoding=\"async\" width=\"1024\" height=\"562\" src=\"https:\/\/radiojehona.com\/wp-content\/uploads\/2025\/02\/IMG_0854-1024x562.jpeg\" alt=\"\" class=\"wp-image-41156\" srcset=\"https:\/\/radiojehona.mk\/wp-content\/uploads\/2025\/02\/IMG_0854-1024x562.jpeg 1024w, https:\/\/radiojehona.mk\/wp-content\/uploads\/2025\/02\/IMG_0854-300x165.jpeg 300w, https:\/\/radiojehona.mk\/wp-content\/uploads\/2025\/02\/IMG_0854-768x421.jpeg 768w, https:\/\/radiojehona.mk\/wp-content\/uploads\/2025\/02\/IMG_0854.jpeg 1125w\" sizes=\"(max-width: 1024px) 100vw, 1024px\" \/><\/figure>\n\n\n\n<p>N\u00eb 17-vjetorin e Pavar\u00ebsis\u00eb s\u00eb Kosov\u00ebs \u00ebsht\u00eb zhvilluar ceremonia e parakalimit t\u00eb FSK dhe Policis\u00eb s\u00eb Kosov\u00ebs.<\/p>\n\n\n\n<p>N\u00eb fjal\u00ebn e saj presidentja e Kosov\u00ebs Vjosa Osmani u shpreh se Kosova&nbsp; nuk u dor\u00ebzua, rezistoi e luftoi pa u p\u00ebrkulur p\u00ebrball\u00eb dhun\u00ebs, padrejt\u00ebsis\u00eb e mizorive.<\/p>\n\n\n\n<p>\u201cNe jemi shteti dhe Republika q\u00eb nuk ndalet ec\u00ebn p\u00ebrpara me krenari. Pra nesh sot do ta dal\u00eb forca e siguris\u00eb s\u00eb Kosov\u00ebs, me profesionaliz\u00ebm p\u00ebrkushtim dhe guxim, FSK ka treguar se \u00ebhst\u00eb krenaria e shtetit. Ushtria jon\u00eb do t\u00eb jet\u00eb gjithnj\u00eb n\u00eb mbrojtje t\u00eb paqes dhe siguris\u00eb\u201d, tha ajo.<\/p>\n\n\n\n<p>Osmani p\u00ebrmend edhe ish-presidentin Ibrahim Rugova, teksa shtoi se sot q\u00ebndrojn\u00eb krenar\u00eb para flamurit komb\u00ebtar.<\/p>\n\n\n\n<p>\u201cN\u00eb k\u00ebt\u00eb dit\u00eb t\u00eb madhe t\u00eb historis\u00eb son\u00eb, n\u00eb k\u00ebt\u00eb 17-vjetor t\u00eb Pavar\u00ebsis\u00eb s\u00eb Republik\u00ebs, q\u00ebndrojm\u00eb krenar\u00eb para flamurit ton\u00eb t\u00eb dashur, n\u00ebn qiellin e lir\u00eb t\u00eb atdheut ton\u00eb p\u00ebr ta nderuar rrug\u00ebtimin e lavdish\u00ebm t\u00eb kombit ton\u00eb drejt liris\u00eb, sovranitetit dhe shtet\u00ebsis\u00eb s\u00eb plot\u00eb\u201d, tha m\u00eb tej ajo.<\/p>\n","protected":false},"excerpt":{"rendered":"<p>N&euml; 17-vjetorin e Pavar&euml;sis&euml; s&euml; Kosov&euml;s &euml;sht&euml; zhvilluar ceremonia e parakalimit t&euml; FSK dhe Policis&euml; s&euml; Kosov&euml;s. N&euml; fjal&euml;n e saj presidentja e Kosov&euml;s Vjosa Osmani u shpreh se Kosova&nbsp; nuk u dor&euml;zua, rezistoi e luftoi pa u p&euml;rkulur p&euml;rball&euml; dhun&euml;s, padrejt&euml;sis&euml; e mizorive. &ldquo;Ne jemi shteti dhe Republika q&euml; nuk ndalet ec&euml;n p&euml;rpara me [&hellip;]<\/p>\n","protected":false},"author":2,"featured_media":41156,"comment_status":"open","ping_status":"closed","sticky":false,"template":"","format":"standard","meta":{"_monsterinsights_skip_tracking":false,"_monsterinsights_sitenote_active":false,"_monsterinsights_sitenote_note":"","_monsterinsights_sitenote_category":0,"footnotes":""},"categories":[576],"tags":[],"class_list":["post-41155","post","type-post","status-publish","format-standard","has-post-thumbnail","hentry","category-rajoni"],"_links":{"self":[{"href":"https:\/\/radiojehona.mk\/index.php?rest_route=\/wp\/v2\/posts\/41155","targetHints":{"allow":["GET"]}}],"collection":[{"href":"https:\/\/radiojehona.mk\/index.php?rest_route=\/wp\/v2\/posts"}],"about":[{"href":"https:\/\/radiojehona.mk\/index.php?rest_route=\/wp\/v2\/types\/post"}],"author":[{"embeddable":true,"href":"https:\/\/radiojehona.mk\/index.php?rest_route=\/wp\/v2\/users\/2"}],"replies":[{"embeddable":true,"href":"https:\/\/radiojehona.mk\/index.php?rest_route=%2Fwp%2Fv2%2Fcomments&post=41155"}],"version-history":[{"count":2,"href":"https:\/\/radiojehona.mk\/index.php?rest_route=\/wp\/v2\/posts\/41155\/revisions"}],"predecessor-version":[{"id":41158,"href":"https:\/\/radiojehona.mk\/index.php?rest_route=\/wp\/v2\/posts\/41155\/revisions\/41158"}],"wp:featuredmedia":[{"embeddable":true,"href":"https:\/\/radiojehona.mk\/index.php?rest_route=\/wp\/v2\/media\/41156"}],"wp:attachment":[{"href":"https:\/\/radiojehona.mk\/index.php?rest_route=%2Fwp%2Fv2%2Fmedia&parent=41155"}],"wp:term":[{"taxonomy":"category","embeddable":true,"href":"https:\/\/radiojehona.mk\/index.php?rest_route=%2Fwp%2Fv2%2Fcategories&post=41155"},{"taxonomy":"post_tag","embeddable":true,"href":"https:\/\/radiojehona.mk\/index.php?rest_route=%2Fwp%2Fv2%2Ftags&post=41155"}],"curies":[{"name":"wp","href":"https:\/\/api.w.org\/{rel}","templated":true}]}}