{"id":41151,"date":"2025-02-17T11:49:56","date_gmt":"2025-02-17T11:49:56","guid":{"rendered":"https:\/\/radiojehona.com\/?p=41151"},"modified":"2025-02-17T11:49:56","modified_gmt":"2025-02-17T11:49:56","slug":"ahmeti-pavaresia-e-kosoves-eshte-simbol-i-sakrifices-guximit-dhe-qendreses-se-popullit-shqiptar","status":"publish","type":"post","link":"https:\/\/radiojehona.mk\/?p=41151","title":{"rendered":"Ahmeti: Pavar\u00ebsia e Kosov\u00ebs \u00ebsht\u00eb simbol i sakrific\u00ebs, guximit dhe q\u00ebndres\u00ebs s\u00eb popullit shqiptar!"},"content":{"rendered":"\n<figure class=\"wp-block-image size-large\"><img fetchpriority=\"high\" decoding=\"async\" width=\"1024\" height=\"603\" src=\"https:\/\/radiojehona.com\/wp-content\/uploads\/2025\/02\/IMG_0853-1024x603.jpeg\" alt=\"\" class=\"wp-image-41152\" srcset=\"https:\/\/radiojehona.mk\/wp-content\/uploads\/2025\/02\/IMG_0853-1024x603.jpeg 1024w, https:\/\/radiojehona.mk\/wp-content\/uploads\/2025\/02\/IMG_0853-300x177.jpeg 300w, https:\/\/radiojehona.mk\/wp-content\/uploads\/2025\/02\/IMG_0853-768x452.jpeg 768w, https:\/\/radiojehona.mk\/wp-content\/uploads\/2025\/02\/IMG_0853.jpeg 1107w\" sizes=\"(max-width: 1024px) 100vw, 1024px\" \/><\/figure>\n\n\n\n<p>Lideri i BDI-s\u00eb, Ali Ahmeti ka uruar presidenten e Kosov\u00ebs, Vjosa Osmani n\u00eb 17 vjetorin e Pavar\u00ebsis\u00eb s\u00eb Kosov\u00ebs, q\u00eb si\u00e7 tha, kjo dit\u00eb, \u00ebsht\u00eb \u00ebsht\u00eb simbol i sakrific\u00ebs, guximit dhe q\u00ebndres\u00ebs s\u00eb popullit shqiptar. Ahmeti uroi q\u00eb shum\u00eb shpejt, p\u00ebrvjetorin e Pavar\u00ebsis\u00eb, Kosova ta festoj\u00eb si an\u00ebtare e NATO-s.<br><br>\u201cE nderuara Presidente e Republik\u00ebs s\u00eb Kosov\u00ebs, znj. Vjosa Osmani Sadriu,<\/p>\n\n\n\n<p>N\u00eb k\u00ebt\u00eb dit\u00eb t\u00eb sh\u00ebnuar, 17 shkurt, kur kremtohet Dita e Pavar\u00ebsis\u00eb s\u00eb Kosov\u00ebs, kam nderin dhe k\u00ebnaq\u00ebsin\u00eb t\u2019Ju d\u00ebrgoj urimet m\u00eb t\u00eb sinqerta dhe m\u00eb t\u00eb ngrohta p\u00ebr k\u00ebt\u00eb ngjarje historike p\u00ebr Kosov\u00ebn dhe t\u00eb gjith\u00eb shqiptar\u00ebt kudo n\u00eb bot\u00eb.<\/p>\n\n\n\n<p>Pavar\u00ebsia e Kosov\u00ebs \u00ebsht\u00eb simbol i sakrific\u00ebs, guximit dhe q\u00ebndres\u00ebs s\u00eb popullit shqiptar, i cili, me p\u00ebrpjekjet nd\u00ebr breza, me luft\u00ebn e Ushtris\u00eb \u00c7lirimtare t\u00eb Kosov\u00ebs dhe me jet\u00ebt e mij\u00ebra d\u00ebshmor\u00ebve dhe martir\u00ebve, arriti t\u00eb realizoj\u00eb \u00ebndrr\u00ebn e tij p\u00ebr liri dhe pavar\u00ebsi. Ky proces i lavdish\u00ebm ka qen\u00eb i mundur gjithashtu fal\u00eb mb\u00ebshtetjes s\u00eb palodhur t\u00eb aleat\u00ebve tan\u00eb nd\u00ebrkomb\u00ebtar\u00eb, ve\u00e7an\u00ebrisht NATO-s dhe Shteteve t\u00eb Bashkuara t\u00eb Amerik\u00ebs. Ne, t\u00eb gjith\u00eb shqiptar\u00ebt, jemi t\u00eb pafund mir\u00ebnjoh\u00ebs p\u00ebr angazhimin dhe kontributin e aleat\u00ebve tan\u00eb n\u00eb \u00e7lirimin dhe formimin e shtetit t\u00eb Kosov\u00ebs. Kjo mir\u00ebnjohje konkretizohet n\u00eb bashk\u00ebpunimin e ngusht\u00eb dhe partneritetin me Shtetet e Bashkuara t\u00eb Amerik\u00ebs, NATO-n dhe Bashkimin Europian, p\u00ebr p\u00ebrballimin e sfidave t\u00eb zhvillimit dhe p\u00ebr avancimin e stabilitetit dhe siguris\u00eb n\u00eb rajon.<\/p>\n\n\n\n<p>Kosova, pa dyshim, nuk ka alternativ\u00eb tjet\u00ebr, p\u00ebrve\u00e7se t\u00eb ec\u00eb p\u00ebrpara n\u00eb forcimin e shtetit t\u00eb saj, duke siguruar avancimin e shtetit ligjor dhe t\u00eb drejtat e njeriut. Bashk\u00eb do t\u00eb vazhdojm\u00eb t\u00eb punojm\u00eb p\u00ebr t\u00eb forcuar miq\u00ebsin\u00eb dhe bashk\u00ebpunimin mes Kosov\u00ebs dhe Maqedonis\u00eb s\u00eb Veriut, si dhe p\u00ebr avancimin e integrimeve evropiane dhe zhvillimin e q\u00ebndruesh\u00ebm p\u00ebr t\u00eb gjith\u00eb qytetar\u00ebt tan\u00eb.<\/p>\n\n\n\n<p>Uroj q\u00eb shum\u00eb shpejt, p\u00ebrvjetorin e Pavar\u00ebsis\u00eb, Kosova ta festoj\u00eb si an\u00ebtare e NATO-s dhe pjes\u00eb e familjes s\u00eb madhe evropiane.<\/p>\n\n\n\n<p>G\u00ebzuar Dit\u00ebn e Pavar\u00ebsis\u00eb, dhe sh\u00ebndet, suksese dhe prosperitet p\u00ebr Kosov\u00ebn dhe qytetar\u00ebt e saj\u201d, ka shkruar Ali Ahmeti.<br><\/p>\n\n\n\n<p><\/p>\n","protected":false},"excerpt":{"rendered":"<p>Lideri i BDI-s&euml;, Ali Ahmeti ka uruar presidenten e Kosov&euml;s, Vjosa Osmani n&euml; 17 vjetorin e Pavar&euml;sis&euml; s&euml; Kosov&euml;s, q&euml; si&ccedil; tha, kjo dit&euml;, &euml;sht&euml; &euml;sht&euml; simbol i sakrific&euml;s, guximit dhe q&euml;ndres&euml;s s&euml; popullit shqiptar. Ahmeti uroi q&euml; shum&euml; shpejt, p&euml;rvjetorin e Pavar&euml;sis&euml;, Kosova ta festoj&euml; si an&euml;tare e NATO-s. &ldquo;E nderuara Presidente e Republik&euml;s [&hellip;]<\/p>\n","protected":false},"author":2,"featured_media":41152,"comment_status":"open","ping_status":"closed","sticky":false,"template":"","format":"standard","meta":{"_monsterinsights_skip_tracking":false,"_monsterinsights_sitenote_active":false,"_monsterinsights_sitenote_note":"","_monsterinsights_sitenote_category":0,"footnotes":""},"categories":[1],"tags":[],"class_list":["post-41151","post","type-post","status-publish","format-standard","has-post-thumbnail","hentry","category-vendi"],"_links":{"self":[{"href":"https:\/\/radiojehona.mk\/index.php?rest_route=\/wp\/v2\/posts\/41151","targetHints":{"allow":["GET"]}}],"collection":[{"href":"https:\/\/radiojehona.mk\/index.php?rest_route=\/wp\/v2\/posts"}],"about":[{"href":"https:\/\/radiojehona.mk\/index.php?rest_route=\/wp\/v2\/types\/post"}],"author":[{"embeddable":true,"href":"https:\/\/radiojehona.mk\/index.php?rest_route=\/wp\/v2\/users\/2"}],"replies":[{"embeddable":true,"href":"https:\/\/radiojehona.mk\/index.php?rest_route=%2Fwp%2Fv2%2Fcomments&post=41151"}],"version-history":[{"count":2,"href":"https:\/\/radiojehona.mk\/index.php?rest_route=\/wp\/v2\/posts\/41151\/revisions"}],"predecessor-version":[{"id":41154,"href":"https:\/\/radiojehona.mk\/index.php?rest_route=\/wp\/v2\/posts\/41151\/revisions\/41154"}],"wp:featuredmedia":[{"embeddable":true,"href":"https:\/\/radiojehona.mk\/index.php?rest_route=\/wp\/v2\/media\/41152"}],"wp:attachment":[{"href":"https:\/\/radiojehona.mk\/index.php?rest_route=%2Fwp%2Fv2%2Fmedia&parent=41151"}],"wp:term":[{"taxonomy":"category","embeddable":true,"href":"https:\/\/radiojehona.mk\/index.php?rest_route=%2Fwp%2Fv2%2Fcategories&post=41151"},{"taxonomy":"post_tag","embeddable":true,"href":"https:\/\/radiojehona.mk\/index.php?rest_route=%2Fwp%2Fv2%2Ftags&post=41151"}],"curies":[{"name":"wp","href":"https:\/\/api.w.org\/{rel}","templated":true}]}}