{"id":41146,"date":"2025-02-17T11:47:28","date_gmt":"2025-02-17T11:47:28","guid":{"rendered":"https:\/\/radiojehona.com\/?p=41146"},"modified":"2025-02-17T11:47:29","modified_gmt":"2025-02-17T11:47:29","slug":"hiqet-shqipja-nga-tabelat-e-autostrades-shkup-tetove-reagon-bdi","status":"publish","type":"post","link":"https:\/\/radiojehona.mk\/?p=41146","title":{"rendered":"Hiqet shqipja nga tabelat e autostrad\u00ebs Shkup-Tetov\u00eb, reagon BDI !"},"content":{"rendered":"\n<figure class=\"wp-block-image size-large\"><img fetchpriority=\"high\" decoding=\"async\" width=\"1024\" height=\"661\" src=\"https:\/\/radiojehona.com\/wp-content\/uploads\/2025\/02\/IMG_0852-1024x661.jpeg\" alt=\"\" class=\"wp-image-41147\" srcset=\"https:\/\/radiojehona.mk\/wp-content\/uploads\/2025\/02\/IMG_0852-1024x661.jpeg 1024w, https:\/\/radiojehona.mk\/wp-content\/uploads\/2025\/02\/IMG_0852-300x194.jpeg 300w, https:\/\/radiojehona.mk\/wp-content\/uploads\/2025\/02\/IMG_0852-768x496.jpeg 768w, https:\/\/radiojehona.mk\/wp-content\/uploads\/2025\/02\/IMG_0852.jpeg 1125w\" sizes=\"(max-width: 1024px) 100vw, 1024px\" \/><\/figure>\n\n\n\n<p>Tabelat e reja t\u00eb komunikacionit n\u00eb autostrad\u00ebn Shkup-Tetov\u00eb, gjegj\u00ebsisht n\u00eb af\u00ebrsi t\u00eb pik\u00ebpages\u00ebs rrugore n\u00eb Glumov\u00eb, do t\u00eb jen\u00eb n\u00eb tre gjuh\u00eb \u2013 maqedonisht, anglisht dhe fr\u00ebngjisht, nd\u00ebrsa \u00ebsht\u00eb larguar gjuha shqipe. N\u00ebse deri dje gjuha shqipe ishte krahas tre gjuh\u00ebve tjera, tashm\u00eb e nj\u00ebjta \u00ebsht\u00eb \u201czhdukur\u201d. Nga Nd\u00ebrmarrja Publike p\u00ebr Rrug\u00eb Shtet\u00ebrore nuk kan\u00eb dh\u00ebn\u00eb ndonj\u00eb sqarim se pse shqipja nuk figuron, nd\u00ebrsa tabelat jan\u00eb nd\u00ebrruar pasditen e s\u00eb shtun\u00ebs von\u00ebs, kur kishte nis t\u00eb bie terri.<\/p>\n\n\n\n<p>Me k\u00ebt\u00eb rast, ka reaguar BDI e Ali Ahmetit, e cila ka d\u00ebnuar heqjen e gjuh\u00ebs shqipe nga tabelat n\u00eb autostrad\u00ebn Shkup-Tetov\u00eb. \u201cTabelat n\u00eb gjuh\u00ebn shqipe z\u00ebvend\u00ebsohen me tabelat n\u00eb gjuh\u00ebn maqedonase, me \u00e7ka fshihet gjuha shqipe nga tabelat e komunikacionit Bashkimi Demokratik p\u00ebr Integrim (BDI) d\u00ebnon ashp\u00ebr nd\u00ebrrimin e tabelave t\u00eb komunikacionit n\u00eb autostrad\u00ebn Shkup-Tetov\u00eb, gjegj\u00ebsisht n\u00eb af\u00ebrsi t\u00eb pik\u00ebpages\u00ebs rrugore n\u00eb Glumov\u00eb, nga<\/p>\n\n\n\n<p>Nd\u00ebrmarja Publike p\u00ebr Rrug\u00eb Shtet\u00ebrore. Tabelat n\u00eb gjuh\u00ebn shqipe z\u00ebvend\u00ebsohen me tabelat n\u00eb gjuh\u00ebn maqedonase, me \u00e7ka fshihet gjuha shqipe nga tabelat e komunikacionit. Ky ndryshim \u00ebsht\u00eb nj\u00eb goditje e r\u00ebnd\u00eb ndaj p\u00ebrdorimit t\u00eb gjuh\u00ebs shqipe n\u00eb RMV dhe shkelje flagrante e Ligjit p\u00ebr p\u00ebrdorimin e Gjuh\u00ebve\u201d, thuhet n\u00eb reagimin e BDI-s\u00eb.<\/p>\n\n\n\n<p>Kjo p\u00ebrpjeke e rrezikshme dhe e ul\u00ebt e mosrespektimit t\u00eb Ligjit p\u00ebr p\u00ebrdorimin e Gjuh\u00ebve dhe kjo tendenc\u00eb p\u00ebr mohimin e Gjuh\u00ebs Shqipe, vijon m\u00eb tej reagimi, \u00ebsht\u00eb nj\u00eb vendim n\u00eb kund\u00ebrshtim t\u00eb plot\u00eb me Kushtetut\u00ebn, Marr\u00ebveshjen e Ohrit, ligjet dhe vlerat e demokracis\u00eb dhe barazis\u00eb, t\u00eb cilat jan\u00eb themelore p\u00ebr paqen dhe stabilitetin n\u00eb vend.<\/p>\n\n\n\n<p>\u201cBashkimi Demokratik p\u00ebr Integrim konsideron q\u00eb paaft\u00ebsia e humb\u00ebsve t\u00eb zgjedhjeve dhe sh\u00ebrb\u00ebtor\u00ebve t\u00eb VMRO-s nga radh\u00ebt e VLEN po i kthen shqiptar\u00ebt n\u00eb vitet e \u201890 n\u00eb aspektin e t\u00eb drejtave komb\u00ebtare dhe barazis\u00eb. BDI do t\u00eb nd\u00ebrmarr t\u00eb gjith\u00eb hapat e nevojsh\u00ebm p\u00ebr ta kund\u00ebrshtuar k\u00ebt\u00eb vendim t\u00eb padrejt\u00eb dhe p\u00ebr t\u00eb mbrojtur t\u00eb drejtat e shqiptar\u00ebve n\u00eb Republik\u00ebn e Maqedonis\u00eb s\u00eb Veriut\u201d.<\/p>\n","protected":false},"excerpt":{"rendered":"<p>Tabelat e reja t&euml; komunikacionit n&euml; autostrad&euml;n Shkup-Tetov&euml;, gjegj&euml;sisht n&euml; af&euml;rsi t&euml; pik&euml;pages&euml;s rrugore n&euml; Glumov&euml;, do t&euml; jen&euml; n&euml; tre gjuh&euml; &ndash; maqedonisht, anglisht dhe fr&euml;ngjisht, nd&euml;rsa &euml;sht&euml; larguar gjuha shqipe. N&euml;se deri dje gjuha shqipe ishte krahas tre gjuh&euml;ve tjera, tashm&euml; e nj&euml;jta &euml;sht&euml; &ldquo;zhdukur&rdquo;. Nga Nd&euml;rmarrja Publike p&euml;r Rrug&euml; Shtet&euml;rore nuk kan&euml; [&hellip;]<\/p>\n","protected":false},"author":2,"featured_media":41147,"comment_status":"open","ping_status":"closed","sticky":false,"template":"","format":"standard","meta":{"_monsterinsights_skip_tracking":false,"_monsterinsights_sitenote_active":false,"_monsterinsights_sitenote_note":"","_monsterinsights_sitenote_category":0,"footnotes":""},"categories":[1],"tags":[],"class_list":["post-41146","post","type-post","status-publish","format-standard","has-post-thumbnail","hentry","category-vendi"],"_links":{"self":[{"href":"https:\/\/radiojehona.mk\/index.php?rest_route=\/wp\/v2\/posts\/41146","targetHints":{"allow":["GET"]}}],"collection":[{"href":"https:\/\/radiojehona.mk\/index.php?rest_route=\/wp\/v2\/posts"}],"about":[{"href":"https:\/\/radiojehona.mk\/index.php?rest_route=\/wp\/v2\/types\/post"}],"author":[{"embeddable":true,"href":"https:\/\/radiojehona.mk\/index.php?rest_route=\/wp\/v2\/users\/2"}],"replies":[{"embeddable":true,"href":"https:\/\/radiojehona.mk\/index.php?rest_route=%2Fwp%2Fv2%2Fcomments&post=41146"}],"version-history":[{"count":2,"href":"https:\/\/radiojehona.mk\/index.php?rest_route=\/wp\/v2\/posts\/41146\/revisions"}],"predecessor-version":[{"id":41149,"href":"https:\/\/radiojehona.mk\/index.php?rest_route=\/wp\/v2\/posts\/41146\/revisions\/41149"}],"wp:featuredmedia":[{"embeddable":true,"href":"https:\/\/radiojehona.mk\/index.php?rest_route=\/wp\/v2\/media\/41147"}],"wp:attachment":[{"href":"https:\/\/radiojehona.mk\/index.php?rest_route=%2Fwp%2Fv2%2Fmedia&parent=41146"}],"wp:term":[{"taxonomy":"category","embeddable":true,"href":"https:\/\/radiojehona.mk\/index.php?rest_route=%2Fwp%2Fv2%2Fcategories&post=41146"},{"taxonomy":"post_tag","embeddable":true,"href":"https:\/\/radiojehona.mk\/index.php?rest_route=%2Fwp%2Fv2%2Ftags&post=41146"}],"curies":[{"name":"wp","href":"https:\/\/api.w.org\/{rel}","templated":true}]}}