{"id":41141,"date":"2025-02-17T11:44:06","date_gmt":"2025-02-17T11:44:06","guid":{"rendered":"https:\/\/radiojehona.com\/?p=41141"},"modified":"2025-02-17T11:44:07","modified_gmt":"2025-02-17T11:44:07","slug":"aksident-zinxhir-ne-autokomande-te-shkupit-perplasen-6-vetura","status":"publish","type":"post","link":"https:\/\/radiojehona.mk\/?p=41141","title":{"rendered":"Aksident zinxhir n\u00eb Autokomand\u00eb t\u00eb Shkupit! P\u00ebrplasen 6 vetura"},"content":{"rendered":"\n<figure class=\"wp-block-image size-large\"><img fetchpriority=\"high\" decoding=\"async\" width=\"1024\" height=\"469\" src=\"https:\/\/radiojehona.com\/wp-content\/uploads\/2025\/02\/IMG_0851-1024x469.jpeg\" alt=\"\" class=\"wp-image-41142\" srcset=\"https:\/\/radiojehona.mk\/wp-content\/uploads\/2025\/02\/IMG_0851-1024x469.jpeg 1024w, https:\/\/radiojehona.mk\/wp-content\/uploads\/2025\/02\/IMG_0851-300x137.jpeg 300w, https:\/\/radiojehona.mk\/wp-content\/uploads\/2025\/02\/IMG_0851-768x352.jpeg 768w, https:\/\/radiojehona.mk\/wp-content\/uploads\/2025\/02\/IMG_0851.jpeg 1125w\" sizes=\"(max-width: 1024px) 100vw, 1024px\" \/><\/figure>\n\n\n\n<p><strong>Nj\u00eb aksident zinxhir \u00ebsht\u00eb regjistruar m\u00ebngjesin e sot\u00ebm n\u00eb Autokomand\u00eb t\u00eb Shkupit, p\u00ebrcjell TV21. Fillimisht \u00ebsht\u00eb p\u00ebrplasur nj\u00eb vetur\u00eb VW Golf 5 me nj\u00eb vetur\u00eb Audi A5, pak metra m\u00eb posht\u00eb nj\u00eb vetur\u00eb Skoda Fabia me nj\u00eb VW Golf 4, duke vazhduar k\u00ebshtu pak m\u00eb posht\u00eb rrug\u00ebs me nj\u00eb tjet\u00ebr p\u00ebrplasje mes nj\u00eb veture Seat Altea dhe nj\u00eb veture Frod Focus.<\/strong><\/p>\n\n\n\n<p>Policia \u00ebsht\u00eb n\u00eb vendin e ngjarjes.<\/p>\n\n\n\n<p>M\u00ebngjesin e sot\u00ebm jan\u00eb regjistruar reshje t\u00eb bor\u00ebs gati se n\u00eb t\u00eb gjith\u00eb territorin e Shkupit. Bora ka krijuar lag\u00ebshti n\u00eb rrug\u00eb. Autoritetet apelojn\u00eb q\u00eb qytetar\u00ebt t\u00eb shtojn\u00eb kujdesin n\u00eb komunikacion.<\/p>\n","protected":false},"excerpt":{"rendered":"<p>Nj&euml; aksident zinxhir &euml;sht&euml; regjistruar m&euml;ngjesin e sot&euml;m n&euml; Autokomand&euml; t&euml; Shkupit, p&euml;rcjell TV21. Fillimisht &euml;sht&euml; p&euml;rplasur nj&euml; vetur&euml; VW Golf 5 me nj&euml; vetur&euml; Audi A5, pak metra m&euml; posht&euml; nj&euml; vetur&euml; Skoda Fabia me nj&euml; VW Golf 4, duke vazhduar k&euml;shtu pak m&euml; posht&euml; rrug&euml;s me nj&euml; tjet&euml;r p&euml;rplasje mes nj&euml; veture Seat [&hellip;]<\/p>\n","protected":false},"author":2,"featured_media":41142,"comment_status":"open","ping_status":"closed","sticky":false,"template":"","format":"standard","meta":{"_monsterinsights_skip_tracking":false,"_monsterinsights_sitenote_active":false,"_monsterinsights_sitenote_note":"","_monsterinsights_sitenote_category":0,"footnotes":""},"categories":[1],"tags":[],"class_list":["post-41141","post","type-post","status-publish","format-standard","has-post-thumbnail","hentry","category-vendi"],"_links":{"self":[{"href":"https:\/\/radiojehona.mk\/index.php?rest_route=\/wp\/v2\/posts\/41141","targetHints":{"allow":["GET"]}}],"collection":[{"href":"https:\/\/radiojehona.mk\/index.php?rest_route=\/wp\/v2\/posts"}],"about":[{"href":"https:\/\/radiojehona.mk\/index.php?rest_route=\/wp\/v2\/types\/post"}],"author":[{"embeddable":true,"href":"https:\/\/radiojehona.mk\/index.php?rest_route=\/wp\/v2\/users\/2"}],"replies":[{"embeddable":true,"href":"https:\/\/radiojehona.mk\/index.php?rest_route=%2Fwp%2Fv2%2Fcomments&post=41141"}],"version-history":[{"count":2,"href":"https:\/\/radiojehona.mk\/index.php?rest_route=\/wp\/v2\/posts\/41141\/revisions"}],"predecessor-version":[{"id":41144,"href":"https:\/\/radiojehona.mk\/index.php?rest_route=\/wp\/v2\/posts\/41141\/revisions\/41144"}],"wp:featuredmedia":[{"embeddable":true,"href":"https:\/\/radiojehona.mk\/index.php?rest_route=\/wp\/v2\/media\/41142"}],"wp:attachment":[{"href":"https:\/\/radiojehona.mk\/index.php?rest_route=%2Fwp%2Fv2%2Fmedia&parent=41141"}],"wp:term":[{"taxonomy":"category","embeddable":true,"href":"https:\/\/radiojehona.mk\/index.php?rest_route=%2Fwp%2Fv2%2Fcategories&post=41141"},{"taxonomy":"post_tag","embeddable":true,"href":"https:\/\/radiojehona.mk\/index.php?rest_route=%2Fwp%2Fv2%2Ftags&post=41141"}],"curies":[{"name":"wp","href":"https:\/\/api.w.org\/{rel}","templated":true}]}}