{"id":41138,"date":"2025-02-17T11:42:12","date_gmt":"2025-02-17T11:42:12","guid":{"rendered":"https:\/\/radiojehona.com\/?p=41138"},"modified":"2025-02-17T11:42:13","modified_gmt":"2025-02-17T11:42:13","slug":"taravari-ne-17-vjetorin-e-pavaresise-se-kosoves-gezuar-kosove-sovrane-rrofsh-e-qofsh-nder-shekuj","status":"publish","type":"post","link":"https:\/\/radiojehona.mk\/?p=41138","title":{"rendered":"Taravari n\u00eb 17 vjetorin e Pavar\u00ebsis\u00eb s\u00eb Kosov\u00ebs: G\u00ebzuar Kosov\u00eb sovrane, rrofsh e qofsh nd\u00ebr shekuj"},"content":{"rendered":"\n<figure class=\"wp-block-image size-full\"><img fetchpriority=\"high\" decoding=\"async\" width=\"820\" height=\"407\" src=\"https:\/\/radiojehona.com\/wp-content\/uploads\/2025\/01\/Taravari-4.png\" alt=\"\" class=\"wp-image-40347\" srcset=\"https:\/\/radiojehona.mk\/wp-content\/uploads\/2025\/01\/Taravari-4.png 820w, https:\/\/radiojehona.mk\/wp-content\/uploads\/2025\/01\/Taravari-4-300x149.png 300w, https:\/\/radiojehona.mk\/wp-content\/uploads\/2025\/01\/Taravari-4-768x381.png 768w\" sizes=\"(max-width: 820px) 100vw, 820px\" \/><\/figure>\n\n\n\n<p>N\u00eb 17 vjetorin e Pavar\u00ebsis\u00eb s\u00eb Kosov\u00ebs, kryetari i Aleanc\u00ebs p\u00ebr Shqiptar\u00ebt, Arben Taravari ka uruar Kosov\u00ebn q\u00eb si\u00e7 tha, t\u00eb rroj\u00eb nd\u00ebr shekuj. Taravari tha se, \u00e7mimi i p\u00ebr lirin\u00eb e Kosov\u00ebs r\u00ebndon ende mbi qindra e mij\u00ebra familje shqiptare q\u00eb humb\u00ebn m\u00eb t\u00eb dashurit e tyre.<\/p>\n\n\n\n<p>\u201cG\u00ebzuar Kosov\u00eb Sovrane!<\/p>\n\n\n\n<p>\u00c7mimi p\u00ebr lirin\u00eb t\u00ebnde r\u00ebndon ende mbi qindra e mij\u00ebra familje shqiptare q\u00eb humb\u00ebn m\u00eb t\u00eb dashurit e tyre por\u2026G\u00ebzimi q\u00eb kemi t\u00eb gjith\u00eb tek t\u00eb shohim t\u00eb Lir\u00eb k\u00ebshtu si sot, \u00ebsht\u00eb m\u00eb i madh se \u00e7do ndjenj\u00eb tjet\u00ebr!<\/p>\n\n\n\n<p>Rrofsh e Qofsh nd\u00ebr shekuj\u201d, ka shkruar Taravari.<\/p>\n","protected":false},"excerpt":{"rendered":"<p>N&euml; 17 vjetorin e Pavar&euml;sis&euml; s&euml; Kosov&euml;s, kryetari i Aleanc&euml;s p&euml;r Shqiptar&euml;t, Arben Taravari ka uruar Kosov&euml;n q&euml; si&ccedil; tha, t&euml; rroj&euml; nd&euml;r shekuj. Taravari tha se, &ccedil;mimi i p&euml;r lirin&euml; e Kosov&euml;s r&euml;ndon ende mbi qindra e mij&euml;ra familje shqiptare q&euml; humb&euml;n m&euml; t&euml; dashurit e tyre. &ldquo;G&euml;zuar Kosov&euml; Sovrane! &Ccedil;mimi p&euml;r lirin&euml; t&euml;nde [&hellip;]<\/p>\n","protected":false},"author":2,"featured_media":40347,"comment_status":"open","ping_status":"closed","sticky":false,"template":"","format":"standard","meta":{"_monsterinsights_skip_tracking":false,"_monsterinsights_sitenote_active":false,"_monsterinsights_sitenote_note":"","_monsterinsights_sitenote_category":0,"footnotes":""},"categories":[1],"tags":[],"class_list":["post-41138","post","type-post","status-publish","format-standard","has-post-thumbnail","hentry","category-vendi"],"_links":{"self":[{"href":"https:\/\/radiojehona.mk\/index.php?rest_route=\/wp\/v2\/posts\/41138","targetHints":{"allow":["GET"]}}],"collection":[{"href":"https:\/\/radiojehona.mk\/index.php?rest_route=\/wp\/v2\/posts"}],"about":[{"href":"https:\/\/radiojehona.mk\/index.php?rest_route=\/wp\/v2\/types\/post"}],"author":[{"embeddable":true,"href":"https:\/\/radiojehona.mk\/index.php?rest_route=\/wp\/v2\/users\/2"}],"replies":[{"embeddable":true,"href":"https:\/\/radiojehona.mk\/index.php?rest_route=%2Fwp%2Fv2%2Fcomments&post=41138"}],"version-history":[{"count":2,"href":"https:\/\/radiojehona.mk\/index.php?rest_route=\/wp\/v2\/posts\/41138\/revisions"}],"predecessor-version":[{"id":41140,"href":"https:\/\/radiojehona.mk\/index.php?rest_route=\/wp\/v2\/posts\/41138\/revisions\/41140"}],"wp:featuredmedia":[{"embeddable":true,"href":"https:\/\/radiojehona.mk\/index.php?rest_route=\/wp\/v2\/media\/40347"}],"wp:attachment":[{"href":"https:\/\/radiojehona.mk\/index.php?rest_route=%2Fwp%2Fv2%2Fmedia&parent=41138"}],"wp:term":[{"taxonomy":"category","embeddable":true,"href":"https:\/\/radiojehona.mk\/index.php?rest_route=%2Fwp%2Fv2%2Fcategories&post=41138"},{"taxonomy":"post_tag","embeddable":true,"href":"https:\/\/radiojehona.mk\/index.php?rest_route=%2Fwp%2Fv2%2Ftags&post=41138"}],"curies":[{"name":"wp","href":"https:\/\/api.w.org\/{rel}","templated":true}]}}