{"id":41132,"date":"2025-02-17T11:37:08","date_gmt":"2025-02-17T11:37:08","guid":{"rendered":"https:\/\/radiojehona.com\/?p=41132"},"modified":"2025-02-17T11:37:08","modified_gmt":"2025-02-17T11:37:08","slug":"izet-mexhiti-pavaresia-e-kosoves-simbol-i-qendreses-dhe-krenarise-kombetare","status":"publish","type":"post","link":"https:\/\/radiojehona.mk\/?p=41132","title":{"rendered":"Izet Mexhiti: Pavar\u00ebsia e Kosov\u00ebs, simbol i q\u00ebndres\u00ebs dhe krenaris\u00eb komb\u00ebtare!"},"content":{"rendered":"\n<figure class=\"wp-block-image size-large\"><img fetchpriority=\"high\" decoding=\"async\" width=\"1024\" height=\"1024\" src=\"https:\/\/radiojehona.com\/wp-content\/uploads\/2025\/02\/IMG_0849-1024x1024.jpeg\" alt=\"\" class=\"wp-image-41133\" srcset=\"https:\/\/radiojehona.mk\/wp-content\/uploads\/2025\/02\/IMG_0849-1024x1024.jpeg 1024w, https:\/\/radiojehona.mk\/wp-content\/uploads\/2025\/02\/IMG_0849-300x300.jpeg 300w, https:\/\/radiojehona.mk\/wp-content\/uploads\/2025\/02\/IMG_0849-150x150.jpeg 150w, https:\/\/radiojehona.mk\/wp-content\/uploads\/2025\/02\/IMG_0849-768x769.jpeg 768w, https:\/\/radiojehona.mk\/wp-content\/uploads\/2025\/02\/IMG_0849-250x250.jpeg 250w, https:\/\/radiojehona.mk\/wp-content\/uploads\/2025\/02\/IMG_0849.jpeg 1125w\" sizes=\"(max-width: 1024px) 100vw, 1024px\" \/><\/figure>\n\n\n\n<p>Z\u00ebvend\u00ebskryeministri i par\u00eb i Maqedonis\u00eb s\u00eb Veriut, Izet Mexhiti, ka uruar 17 Shkurtin \u2013 Dit\u00ebn e Pavar\u00ebsis\u00eb s\u00eb Kosov\u00ebs, duke shprehur respektin e tij t\u00eb thell\u00eb p\u00ebr sakrific\u00ebn dhe q\u00ebndres\u00ebn e popullit kosovar n\u00eb rrug\u00ebtimin drejt liris\u00eb dhe shtet\u00ebsis\u00eb.<\/p>\n\n\n\n<p>\u201cKosova jon\u00eb, t\u00eb uroj p\u00ebrzem\u00ebrsisht k\u00ebt\u00eb dit\u00eb t\u00eb sh\u00ebnuar! Sot kujtojm\u00eb sakrific\u00ebn, q\u00ebndres\u00ebn dhe krenarin\u00eb e nj\u00eb populli q\u00eb nuk u ndal asnj\u00ebher\u00eb n\u00eb rrug\u00ebn drejt pavar\u00ebsis\u00eb. G\u00ebzuar k\u00ebt\u00eb dit\u00eb t\u00eb madhe p\u00ebr kombin ton\u00eb, me dashuri dhe respekt p\u00ebr v\u00ebllez\u00ebrit dhe motrat tona kudo q\u00eb jan\u00eb!\u201d, ka theksuar Mexhiti n\u00eb mesazhin e tij.<\/p>\n","protected":false},"excerpt":{"rendered":"<p>Z&euml;vend&euml;skryeministri i par&euml; i Maqedonis&euml; s&euml; Veriut, Izet Mexhiti, ka uruar 17 Shkurtin &ndash; Dit&euml;n e Pavar&euml;sis&euml; s&euml; Kosov&euml;s, duke shprehur respektin e tij t&euml; thell&euml; p&euml;r sakrific&euml;n dhe q&euml;ndres&euml;n e popullit kosovar n&euml; rrug&euml;timin drejt liris&euml; dhe shtet&euml;sis&euml;. &ldquo;Kosova jon&euml;, t&euml; uroj p&euml;rzem&euml;rsisht k&euml;t&euml; dit&euml; t&euml; sh&euml;nuar! Sot kujtojm&euml; sakrific&euml;n, q&euml;ndres&euml;n dhe krenarin&euml; e [&hellip;]<\/p>\n","protected":false},"author":2,"featured_media":41133,"comment_status":"open","ping_status":"closed","sticky":false,"template":"","format":"standard","meta":{"_monsterinsights_skip_tracking":false,"_monsterinsights_sitenote_active":false,"_monsterinsights_sitenote_note":"","_monsterinsights_sitenote_category":0,"footnotes":""},"categories":[1],"tags":[],"class_list":["post-41132","post","type-post","status-publish","format-standard","has-post-thumbnail","hentry","category-vendi"],"_links":{"self":[{"href":"https:\/\/radiojehona.mk\/index.php?rest_route=\/wp\/v2\/posts\/41132","targetHints":{"allow":["GET"]}}],"collection":[{"href":"https:\/\/radiojehona.mk\/index.php?rest_route=\/wp\/v2\/posts"}],"about":[{"href":"https:\/\/radiojehona.mk\/index.php?rest_route=\/wp\/v2\/types\/post"}],"author":[{"embeddable":true,"href":"https:\/\/radiojehona.mk\/index.php?rest_route=\/wp\/v2\/users\/2"}],"replies":[{"embeddable":true,"href":"https:\/\/radiojehona.mk\/index.php?rest_route=%2Fwp%2Fv2%2Fcomments&post=41132"}],"version-history":[{"count":2,"href":"https:\/\/radiojehona.mk\/index.php?rest_route=\/wp\/v2\/posts\/41132\/revisions"}],"predecessor-version":[{"id":41135,"href":"https:\/\/radiojehona.mk\/index.php?rest_route=\/wp\/v2\/posts\/41132\/revisions\/41135"}],"wp:featuredmedia":[{"embeddable":true,"href":"https:\/\/radiojehona.mk\/index.php?rest_route=\/wp\/v2\/media\/41133"}],"wp:attachment":[{"href":"https:\/\/radiojehona.mk\/index.php?rest_route=%2Fwp%2Fv2%2Fmedia&parent=41132"}],"wp:term":[{"taxonomy":"category","embeddable":true,"href":"https:\/\/radiojehona.mk\/index.php?rest_route=%2Fwp%2Fv2%2Fcategories&post=41132"},{"taxonomy":"post_tag","embeddable":true,"href":"https:\/\/radiojehona.mk\/index.php?rest_route=%2Fwp%2Fv2%2Ftags&post=41132"}],"curies":[{"name":"wp","href":"https:\/\/api.w.org\/{rel}","templated":true}]}}