{"id":41128,"date":"2025-02-17T11:34:19","date_gmt":"2025-02-17T11:34:19","guid":{"rendered":"https:\/\/radiojehona.com\/?p=41128"},"modified":"2025-02-17T11:34:19","modified_gmt":"2025-02-17T11:34:19","slug":"shqiptari-nga-cairi-u-be-minister-ne-siri","status":"publish","type":"post","link":"https:\/\/radiojehona.mk\/?p=41128","title":{"rendered":"Shqiptari nga \u00c7airi u b\u00eb minist\u00ebr n\u00eb Siri"},"content":{"rendered":"\n<figure class=\"wp-block-image size-large\"><img fetchpriority=\"high\" decoding=\"async\" width=\"1024\" height=\"439\" src=\"https:\/\/radiojehona.com\/wp-content\/uploads\/2025\/02\/IMG_0848-1024x439.jpeg\" alt=\"\" class=\"wp-image-41129\" srcset=\"https:\/\/radiojehona.mk\/wp-content\/uploads\/2025\/02\/IMG_0848-1024x439.jpeg 1024w, https:\/\/radiojehona.mk\/wp-content\/uploads\/2025\/02\/IMG_0848-300x129.jpeg 300w, https:\/\/radiojehona.mk\/wp-content\/uploads\/2025\/02\/IMG_0848-768x329.jpeg 768w, https:\/\/radiojehona.mk\/wp-content\/uploads\/2025\/02\/IMG_0848.jpeg 1125w\" sizes=\"(max-width: 1024px) 100vw, 1024px\" \/><\/figure>\n\n\n\n<p>Abu Qatada Albani udh\u00ebhoqi p\u00ebr shum\u00eb vite grupin xhihadist \u201cXhemati Alban\u201d, i cili p\u00ebrb\u00ebhet kryesisht nga shqiptar\u00eb nga Kosova dhe Maqedonia, dhe sot ndodhet n\u00eb qeverin\u00eb siriane dhe n\u00ebn sanksionet e SHBA-s\u00eb p\u00ebr terroriz\u00ebm, m\u00ebson \u201cInformer.rs\u201d.<\/p>\n\n\n\n<p>\u00cbsht\u00eb shqiptar i lindur n\u00eb Shkup, n\u00eb lagjen \u00c7air, m\u00eb 25 shtator 1976, me emrin Abdul Jashari. Albani ishte m\u00eb par\u00eb nj\u00eb lider i Frontit Al-Nusra, gj\u00eb q\u00eb b\u00ebri q\u00eb ai t\u00eb futej n\u00eb list\u00ebn e zez\u00eb nga Departamenti Amerikan i Thesarit n\u00eb vitin 2016 dhe t\u00eb akuzohej p\u00ebr terroriz\u00ebm, shkruan Telma<\/p>\n","protected":false},"excerpt":{"rendered":"<p>Abu Qatada Albani udh&euml;hoqi p&euml;r shum&euml; vite grupin xhihadist &ldquo;Xhemati Alban&rdquo;, i cili p&euml;rb&euml;het kryesisht nga shqiptar&euml; nga Kosova dhe Maqedonia, dhe sot ndodhet n&euml; qeverin&euml; siriane dhe n&euml;n sanksionet e SHBA-s&euml; p&euml;r terroriz&euml;m, m&euml;son &ldquo;Informer.rs&rdquo;. &Euml;sht&euml; shqiptar i lindur n&euml; Shkup, n&euml; lagjen &Ccedil;air, m&euml; 25 shtator 1976, me emrin Abdul Jashari. Albani ishte [&hellip;]<\/p>\n","protected":false},"author":2,"featured_media":41129,"comment_status":"open","ping_status":"closed","sticky":false,"template":"","format":"standard","meta":{"_monsterinsights_skip_tracking":false,"_monsterinsights_sitenote_active":false,"_monsterinsights_sitenote_note":"","_monsterinsights_sitenote_category":0,"footnotes":""},"categories":[1],"tags":[],"class_list":["post-41128","post","type-post","status-publish","format-standard","has-post-thumbnail","hentry","category-vendi"],"_links":{"self":[{"href":"https:\/\/radiojehona.mk\/index.php?rest_route=\/wp\/v2\/posts\/41128","targetHints":{"allow":["GET"]}}],"collection":[{"href":"https:\/\/radiojehona.mk\/index.php?rest_route=\/wp\/v2\/posts"}],"about":[{"href":"https:\/\/radiojehona.mk\/index.php?rest_route=\/wp\/v2\/types\/post"}],"author":[{"embeddable":true,"href":"https:\/\/radiojehona.mk\/index.php?rest_route=\/wp\/v2\/users\/2"}],"replies":[{"embeddable":true,"href":"https:\/\/radiojehona.mk\/index.php?rest_route=%2Fwp%2Fv2%2Fcomments&post=41128"}],"version-history":[{"count":2,"href":"https:\/\/radiojehona.mk\/index.php?rest_route=\/wp\/v2\/posts\/41128\/revisions"}],"predecessor-version":[{"id":41131,"href":"https:\/\/radiojehona.mk\/index.php?rest_route=\/wp\/v2\/posts\/41128\/revisions\/41131"}],"wp:featuredmedia":[{"embeddable":true,"href":"https:\/\/radiojehona.mk\/index.php?rest_route=\/wp\/v2\/media\/41129"}],"wp:attachment":[{"href":"https:\/\/radiojehona.mk\/index.php?rest_route=%2Fwp%2Fv2%2Fmedia&parent=41128"}],"wp:term":[{"taxonomy":"category","embeddable":true,"href":"https:\/\/radiojehona.mk\/index.php?rest_route=%2Fwp%2Fv2%2Fcategories&post=41128"},{"taxonomy":"post_tag","embeddable":true,"href":"https:\/\/radiojehona.mk\/index.php?rest_route=%2Fwp%2Fv2%2Ftags&post=41128"}],"curies":[{"name":"wp","href":"https:\/\/api.w.org\/{rel}","templated":true}]}}