{"id":41125,"date":"2025-02-17T10:34:23","date_gmt":"2025-02-17T10:34:23","guid":{"rendered":"https:\/\/radiojehona.com\/?p=41125"},"modified":"2025-02-17T10:34:24","modified_gmt":"2025-02-17T10:34:24","slug":"radev-e-perseriti-qendrimin-e-bullgarise-nuk-ka-negociata-pa-perfshire-bullgaret-ne-kushtetute","status":"publish","type":"post","link":"https:\/\/radiojehona.mk\/?p=41125","title":{"rendered":"Radev e p\u00ebrs\u00ebriti q\u00ebndrimin e Bullgaris\u00eb: Nuk ka negociata pa p\u00ebrfshir\u00eb bullgar\u00ebt n\u00eb Kushtetut\u00eb"},"content":{"rendered":"\n<figure class=\"wp-block-image size-large\"><img fetchpriority=\"high\" decoding=\"async\" width=\"1024\" height=\"609\" src=\"https:\/\/radiojehona.com\/wp-content\/uploads\/2025\/02\/IMG_0847-1024x609.jpeg\" alt=\"\" class=\"wp-image-41126\" srcset=\"https:\/\/radiojehona.mk\/wp-content\/uploads\/2025\/02\/IMG_0847-1024x609.jpeg 1024w, https:\/\/radiojehona.mk\/wp-content\/uploads\/2025\/02\/IMG_0847-300x178.jpeg 300w, https:\/\/radiojehona.mk\/wp-content\/uploads\/2025\/02\/IMG_0847-768x457.jpeg 768w, https:\/\/radiojehona.mk\/wp-content\/uploads\/2025\/02\/IMG_0847.jpeg 1125w\" sizes=\"(max-width: 1024px) 100vw, 1024px\" \/><\/figure>\n\n\n\n<p><strong>Presidenti i Bullgaris\u00eb Rumen Radev e ka p\u00ebrs\u00ebritur edhe nj\u00eb her\u00eb q\u00ebndrimin e Bullgaris\u00eb se vendi i tij nuk pranon ndryshime n\u00eb marr\u00ebveshjen me Maqedonin\u00eb e Veriut.<\/strong><\/p>\n\n\n\n<p>N\u00eb bised\u00eb me kryetarin e K\u00ebshillit Evropian, Antonio Kosta, n\u00eb Konferenc\u00ebn e Siguris\u00eb n\u00eb Mynih, Radev theksoi se RMV-ja duhet t\u00eb zbatoj\u00eb konsensusin evropian t\u00eb vitit 2022 dhe se Bullgaria nuk parashtron k\u00ebrkesa t\u00eb reja, por n\u00eb t\u00eb nj\u00ebjt\u00ebn koh\u00eb nuk pranon ndryshime n\u00eb marr\u00ebveshjet e arritura.<\/p>\n\n\n\n<p>N\u00eb Konferenc\u00ebn e Mynhihut, kryeministri i RMV-s\u00eb Hristijan Mickoski ka&nbsp;theksuar&nbsp;se n\u00eb vend t\u00eb evropianizimit t\u00eb Ballkanit, po ndodh\u00eb ballkanizim i Evrop\u00ebs, p\u00ebr shkak se disa vende-an\u00ebtare ballkanike i soll\u00ebn kontestet ballkanike dhe vlerat ballkanike n\u00eb Bruksel n\u00eb vend q\u00eb t\u00eb jet\u00eb e kund\u00ebrta.<\/p>\n\n\n\n<p>Kujtojm\u00eb se Maqedonia e Veriut duhet t\u2019i b\u00ebj\u00eb ndryshimet&nbsp;kushtetuese&nbsp;p\u00ebr t\u00eb ecur p\u00ebrpara n\u00eb rrug\u00ebn eurointegruese. Ato n\u00ebnkuptojn\u00eb&nbsp;shtimin e bullgar\u00ebve dhe kombeve tjera n\u00eb Kushtetut\u00eb.<\/p>\n\n\n\n<p>Kjo vjen si rezultat i asaj q\u00eb Maqedonia e Veriut pas 17 vitesh me&nbsp;19 korrik t\u00eb vitit 2022&nbsp;filloi bisedimet qas\u00ebse me BE-n\u00eb me mbajtjen e konferenc\u00ebs s\u00eb par\u00eb nd\u00ebrqeveritare, pas miratimit t\u00eb&nbsp;propozimit francez&nbsp;t\u00eb cilin Maqedonia e Veriut e miratoi m\u00eb&nbsp;16 korrik 2022.<\/p>\n\n\n\n<p>Propozimi at\u00eb koh\u00eb u votua n\u00eb parlament pa pjes\u00ebmarrjen e opozit\u00ebs s\u00eb at\u00ebhershme e cila tani \u00ebsht\u00eb n\u00eb pushtet.<\/p>\n\n\n\n<p>Ndryshimi i Kushtetut\u00ebs k\u00ebrkon shumic\u00eb prej dy t\u00eb tretash. Negociatat me BE-n\u00eb nuk do t\u00eb fillojn\u00eb derisa t\u00eb b\u00ebhen ndryshimet kushtetuese.<\/p>\n","protected":false},"excerpt":{"rendered":"<p>Presidenti i Bullgaris&euml; Rumen Radev e ka p&euml;rs&euml;ritur edhe nj&euml; her&euml; q&euml;ndrimin e Bullgaris&euml; se vendi i tij nuk pranon ndryshime n&euml; marr&euml;veshjen me Maqedonin&euml; e Veriut. N&euml; bised&euml; me kryetarin e K&euml;shillit Evropian, Antonio Kosta, n&euml; Konferenc&euml;n e Siguris&euml; n&euml; Mynih, Radev theksoi se RMV-ja duhet t&euml; zbatoj&euml; konsensusin evropian t&euml; vitit 2022 dhe [&hellip;]<\/p>\n","protected":false},"author":2,"featured_media":41126,"comment_status":"open","ping_status":"closed","sticky":false,"template":"","format":"standard","meta":{"_monsterinsights_skip_tracking":false,"_monsterinsights_sitenote_active":false,"_monsterinsights_sitenote_note":"","_monsterinsights_sitenote_category":0,"footnotes":""},"categories":[1],"tags":[],"class_list":["post-41125","post","type-post","status-publish","format-standard","has-post-thumbnail","hentry","category-vendi"],"_links":{"self":[{"href":"https:\/\/radiojehona.mk\/index.php?rest_route=\/wp\/v2\/posts\/41125","targetHints":{"allow":["GET"]}}],"collection":[{"href":"https:\/\/radiojehona.mk\/index.php?rest_route=\/wp\/v2\/posts"}],"about":[{"href":"https:\/\/radiojehona.mk\/index.php?rest_route=\/wp\/v2\/types\/post"}],"author":[{"embeddable":true,"href":"https:\/\/radiojehona.mk\/index.php?rest_route=\/wp\/v2\/users\/2"}],"replies":[{"embeddable":true,"href":"https:\/\/radiojehona.mk\/index.php?rest_route=%2Fwp%2Fv2%2Fcomments&post=41125"}],"version-history":[{"count":1,"href":"https:\/\/radiojehona.mk\/index.php?rest_route=\/wp\/v2\/posts\/41125\/revisions"}],"predecessor-version":[{"id":41127,"href":"https:\/\/radiojehona.mk\/index.php?rest_route=\/wp\/v2\/posts\/41125\/revisions\/41127"}],"wp:featuredmedia":[{"embeddable":true,"href":"https:\/\/radiojehona.mk\/index.php?rest_route=\/wp\/v2\/media\/41126"}],"wp:attachment":[{"href":"https:\/\/radiojehona.mk\/index.php?rest_route=%2Fwp%2Fv2%2Fmedia&parent=41125"}],"wp:term":[{"taxonomy":"category","embeddable":true,"href":"https:\/\/radiojehona.mk\/index.php?rest_route=%2Fwp%2Fv2%2Fcategories&post=41125"},{"taxonomy":"post_tag","embeddable":true,"href":"https:\/\/radiojehona.mk\/index.php?rest_route=%2Fwp%2Fv2%2Ftags&post=41125"}],"curies":[{"name":"wp","href":"https:\/\/api.w.org\/{rel}","templated":true}]}}