{"id":41121,"date":"2025-02-17T10:30:40","date_gmt":"2025-02-17T10:30:40","guid":{"rendered":"https:\/\/radiojehona.com\/?p=41121"},"modified":"2025-02-17T10:30:41","modified_gmt":"2025-02-17T10:30:41","slug":"cdo-i-treti-qytetar-mendon-te-largohet-nga-maqedonia-e-veriut","status":"publish","type":"post","link":"https:\/\/radiojehona.mk\/?p=41121","title":{"rendered":"\u00c7do i treti qytetar mendon t\u00eb largohet nga Maqedonia e Veriut"},"content":{"rendered":"\n<figure class=\"wp-block-image size-large\"><img fetchpriority=\"high\" decoding=\"async\" width=\"1024\" height=\"586\" src=\"https:\/\/radiojehona.com\/wp-content\/uploads\/2025\/02\/IMG_0846-1024x586.jpeg\" alt=\"\" class=\"wp-image-41122\" srcset=\"https:\/\/radiojehona.mk\/wp-content\/uploads\/2025\/02\/IMG_0846-1024x586.jpeg 1024w, https:\/\/radiojehona.mk\/wp-content\/uploads\/2025\/02\/IMG_0846-300x172.jpeg 300w, https:\/\/radiojehona.mk\/wp-content\/uploads\/2025\/02\/IMG_0846-768x440.jpeg 768w, https:\/\/radiojehona.mk\/wp-content\/uploads\/2025\/02\/IMG_0846.jpeg 1125w\" sizes=\"(max-width: 1024px) 100vw, 1024px\" \/><\/figure>\n\n\n\n<p>\u00c7do i treti qytetar ose 35,2 p\u00ebr qind mendojn\u00eb t\u00eb largohen nga Maqedonia, sipas nj\u00eb sondazhi t\u00eb opinionit publik t\u00eb realizuar nga Instituti p\u00ebr hulumtime politike n\u00eb Shkup.<\/p>\n\n\n\n<p>Interesimin m\u00eb t\u00eb madh p\u00ebr largim jasht\u00eb vendit tregojn\u00eb grupmoshat nga 30 deri n\u00eb 50 vje\u00e7 me arsim t\u00eb lart\u00eb, ku \u00e7do i dyti d\u00ebshiron ta k\u00ebrkoj\u00eb lumturin\u00eb e tij jasht\u00eb Maqedonis\u00eb, tregojn\u00eb analizat e detajuara t\u00eb shifrave.<\/p>\n\n\n\n<p>Thuhet se 15.9 p\u00ebr qind thon\u00eb se arsyeja q\u00eb duan t\u00eb l\u00ebvizin jan\u00eb pagat, t\u00eb ndjekur nga ata q\u00eb thon\u00eb se arsyeja jan\u00eb mund\u00ebsit\u00eb m\u00eb t\u00eb mira p\u00ebr f\u00ebmij\u00ebt, sh\u00ebndet\u00ebsia m\u00eb e mir\u00eb, arsimi dhe infrastruktura m\u00eb e mir\u00eb.<\/p>\n\n\n\n<p>Sipas anket\u00ebs, zgjedhja e par\u00eb p\u00ebr destinacion \u00ebsht\u00eb Gjermania, e zgjedhur nga 11,8 p\u00ebr qind e t\u00eb anketuarve, Zvicra me 6,9 \u200b\u200bp\u00ebr qind dhe Sllovenia me 5,2 p\u00ebr qind. Vendet skandinave dhe Shtetet e Bashkuara jan\u00eb zgjedhjet e pak m\u00eb shum\u00eb se tre p\u00ebrqind t\u00eb t\u00eb anketuarve.<\/p>\n\n\n\n<p>10 p\u00ebr qind e t\u00eb anketuarve than\u00eb se do t\u00eb largoheshin patjet\u00ebr nga vendi n\u00eb 5 vitet e ardhshme.<\/p>\n\n\n\n<p>Nj\u00eb num\u00ebr i madh i t\u00eb anketuarve, deri n\u00eb 64.9 p\u00ebr qind, thon\u00eb se kan\u00eb nj\u00eb t\u00eb dashur q\u00eb tashm\u00eb \u00ebsht\u00eb shp\u00ebrngulur jasht\u00eb vendit. 70 p\u00ebr qind e t\u00eb anketuarve besojn\u00eb se krahasuar me periudh\u00ebn 5 vite m\u00eb par\u00eb, niveli i emigrimit \u00ebsht\u00eb n\u00eb rritje.<\/p>\n\n\n\n<p>Hulumtimi p\u00ebr Detektor \u00ebsht\u00eb realizuar nga IPIS me anket\u00eb telefonike t\u00eb realizuar nga data 24 deri m\u00eb 26 janar t\u00eb k\u00ebtij viti n\u00eb nj\u00eb kampion p\u00ebrfaq\u00ebsues prej 1033 t\u00eb anketuarve nga i gjith\u00eb vendi.<\/p>\n","protected":false},"excerpt":{"rendered":"<p>&Ccedil;do i treti qytetar ose 35,2 p&euml;r qind mendojn&euml; t&euml; largohen nga Maqedonia, sipas nj&euml; sondazhi t&euml; opinionit publik t&euml; realizuar nga Instituti p&euml;r hulumtime politike n&euml; Shkup. Interesimin m&euml; t&euml; madh p&euml;r largim jasht&euml; vendit tregojn&euml; grupmoshat nga 30 deri n&euml; 50 vje&ccedil; me arsim t&euml; lart&euml;, ku &ccedil;do i dyti d&euml;shiron ta k&euml;rkoj&euml; [&hellip;]<\/p>\n","protected":false},"author":2,"featured_media":41122,"comment_status":"open","ping_status":"closed","sticky":false,"template":"","format":"standard","meta":{"_monsterinsights_skip_tracking":false,"_monsterinsights_sitenote_active":false,"_monsterinsights_sitenote_note":"","_monsterinsights_sitenote_category":0,"footnotes":""},"categories":[1],"tags":[],"class_list":["post-41121","post","type-post","status-publish","format-standard","has-post-thumbnail","hentry","category-vendi"],"_links":{"self":[{"href":"https:\/\/radiojehona.mk\/index.php?rest_route=\/wp\/v2\/posts\/41121","targetHints":{"allow":["GET"]}}],"collection":[{"href":"https:\/\/radiojehona.mk\/index.php?rest_route=\/wp\/v2\/posts"}],"about":[{"href":"https:\/\/radiojehona.mk\/index.php?rest_route=\/wp\/v2\/types\/post"}],"author":[{"embeddable":true,"href":"https:\/\/radiojehona.mk\/index.php?rest_route=\/wp\/v2\/users\/2"}],"replies":[{"embeddable":true,"href":"https:\/\/radiojehona.mk\/index.php?rest_route=%2Fwp%2Fv2%2Fcomments&post=41121"}],"version-history":[{"count":2,"href":"https:\/\/radiojehona.mk\/index.php?rest_route=\/wp\/v2\/posts\/41121\/revisions"}],"predecessor-version":[{"id":41124,"href":"https:\/\/radiojehona.mk\/index.php?rest_route=\/wp\/v2\/posts\/41121\/revisions\/41124"}],"wp:featuredmedia":[{"embeddable":true,"href":"https:\/\/radiojehona.mk\/index.php?rest_route=\/wp\/v2\/media\/41122"}],"wp:attachment":[{"href":"https:\/\/radiojehona.mk\/index.php?rest_route=%2Fwp%2Fv2%2Fmedia&parent=41121"}],"wp:term":[{"taxonomy":"category","embeddable":true,"href":"https:\/\/radiojehona.mk\/index.php?rest_route=%2Fwp%2Fv2%2Fcategories&post=41121"},{"taxonomy":"post_tag","embeddable":true,"href":"https:\/\/radiojehona.mk\/index.php?rest_route=%2Fwp%2Fv2%2Ftags&post=41121"}],"curies":[{"name":"wp","href":"https:\/\/api.w.org\/{rel}","templated":true}]}}