{"id":41119,"date":"2025-02-17T10:17:43","date_gmt":"2025-02-17T10:17:43","guid":{"rendered":"https:\/\/radiojehona.com\/?p=41119"},"modified":"2025-02-17T10:17:43","modified_gmt":"2025-02-17T10:17:43","slug":"reshje-bore-ne-disa-akse-rrugore-dukshmeri-e-reduktuar-ne-strazhe-dhe-mavrove","status":"publish","type":"post","link":"https:\/\/radiojehona.mk\/?p=41119","title":{"rendered":"Reshje bore n\u00eb disa akse rrugore, dukshm\u00ebri e reduktuar n\u00eb Strazh\u00eb dhe Mavrov\u00eb"},"content":{"rendered":"\n<figure class=\"wp-block-image size-full\"><img fetchpriority=\"high\" decoding=\"async\" width=\"768\" height=\"454\" src=\"https:\/\/radiojehona.com\/wp-content\/uploads\/2025\/01\/bora-1.png\" alt=\"\" class=\"wp-image-40052\" srcset=\"https:\/\/radiojehona.mk\/wp-content\/uploads\/2025\/01\/bora-1.png 768w, https:\/\/radiojehona.mk\/wp-content\/uploads\/2025\/01\/bora-1-300x177.png 300w\" sizes=\"(max-width: 768px) 100vw, 768px\" \/><\/figure>\n\n\n\n<p>Qarkullimi n\u00eb rrug\u00ebt shtet\u00ebrore po zhvillohet n\u00eb kushte dim\u00ebrore, me rrug\u00eb t\u00eb lag\u00ebshta n\u00eb disa vende. Reshje bore me intensitet t\u00eb ul\u00ebt jan\u00eb regjistruar n\u00eb akset rrugore Kriva Pallank\u00eb \u2013 Stracin dhe Tetov\u00eb \u2013 Popova Shapka, t\u00eb cilat p\u00ebr momentin nuk paraqesin penges\u00eb p\u00ebr qarkullimin. Dukshm\u00ebria e reduktuar p\u00ebr shkak t\u00eb mjegull\u00ebs deri n\u00eb 100 metra \u00ebsht\u00eb v\u00ebrejtur n\u00eb kalimin malor Strazh\u00eb dhe n\u00eb Mavrov\u00eb.<\/p>\n\n\n\n<p>Intensiteti i trafikut n\u00eb rrug\u00ebt jasht\u00eb zonave urbane \u00ebsht\u00eb i moderuar. N\u00eb pikat kufitare nga ana e Maqedonis\u00eb nuk ka vonesa t\u00eb gjata p\u00ebr hyrje dhe dalje nga shteti.<\/p>\n\n\n\n<p>AMSM rekomandon p\u00ebrshtatjen e shpejt\u00ebsis\u00eb s\u00eb l\u00ebvizjes, respektimin e sinjalizimit rrugor dhe drejtimin e kujdessh\u00ebm t\u00eb automjeteve, ve\u00e7an\u00ebrisht n\u00eb rrug\u00ebt q\u00eb kalojn\u00eb n\u00ebp\u00ebr lugina, luginat e lumenjve dhe grykat malore, ku ka mund\u00ebsi p\u00ebr rr\u00ebshqitje gur\u00ebsh. Kjo vlen ve\u00e7an\u00ebrisht p\u00ebr segmentet Katllanov\u00eb \u2013 Veles, Mavrov\u00eb \u2013 Dib\u00ebr \u2013 Strug\u00eb, Vinic\u00eb \u2013 Berov\u00eb dhe Ko\u00e7an \u2013 Dell\u00e7ev\u00eb.<\/p>\n","protected":false},"excerpt":{"rendered":"<p>Qarkullimi n&euml; rrug&euml;t shtet&euml;rore po zhvillohet n&euml; kushte dim&euml;rore, me rrug&euml; t&euml; lag&euml;shta n&euml; disa vende. Reshje bore me intensitet t&euml; ul&euml;t jan&euml; regjistruar n&euml; akset rrugore Kriva Pallank&euml; &ndash; Stracin dhe Tetov&euml; &ndash; Popova Shapka, t&euml; cilat p&euml;r momentin nuk paraqesin penges&euml; p&euml;r qarkullimin. Dukshm&euml;ria e reduktuar p&euml;r shkak t&euml; mjegull&euml;s deri n&euml; 100 [&hellip;]<\/p>\n","protected":false},"author":2,"featured_media":40052,"comment_status":"open","ping_status":"closed","sticky":false,"template":"","format":"standard","meta":{"_monsterinsights_skip_tracking":false,"_monsterinsights_sitenote_active":false,"_monsterinsights_sitenote_note":"","_monsterinsights_sitenote_category":0,"footnotes":""},"categories":[1],"tags":[],"class_list":["post-41119","post","type-post","status-publish","format-standard","has-post-thumbnail","hentry","category-vendi"],"_links":{"self":[{"href":"https:\/\/radiojehona.mk\/index.php?rest_route=\/wp\/v2\/posts\/41119","targetHints":{"allow":["GET"]}}],"collection":[{"href":"https:\/\/radiojehona.mk\/index.php?rest_route=\/wp\/v2\/posts"}],"about":[{"href":"https:\/\/radiojehona.mk\/index.php?rest_route=\/wp\/v2\/types\/post"}],"author":[{"embeddable":true,"href":"https:\/\/radiojehona.mk\/index.php?rest_route=\/wp\/v2\/users\/2"}],"replies":[{"embeddable":true,"href":"https:\/\/radiojehona.mk\/index.php?rest_route=%2Fwp%2Fv2%2Fcomments&post=41119"}],"version-history":[{"count":1,"href":"https:\/\/radiojehona.mk\/index.php?rest_route=\/wp\/v2\/posts\/41119\/revisions"}],"predecessor-version":[{"id":41120,"href":"https:\/\/radiojehona.mk\/index.php?rest_route=\/wp\/v2\/posts\/41119\/revisions\/41120"}],"wp:featuredmedia":[{"embeddable":true,"href":"https:\/\/radiojehona.mk\/index.php?rest_route=\/wp\/v2\/media\/40052"}],"wp:attachment":[{"href":"https:\/\/radiojehona.mk\/index.php?rest_route=%2Fwp%2Fv2%2Fmedia&parent=41119"}],"wp:term":[{"taxonomy":"category","embeddable":true,"href":"https:\/\/radiojehona.mk\/index.php?rest_route=%2Fwp%2Fv2%2Fcategories&post=41119"},{"taxonomy":"post_tag","embeddable":true,"href":"https:\/\/radiojehona.mk\/index.php?rest_route=%2Fwp%2Fv2%2Ftags&post=41119"}],"curies":[{"name":"wp","href":"https:\/\/api.w.org\/{rel}","templated":true}]}}