{"id":41114,"date":"2025-02-15T11:39:16","date_gmt":"2025-02-15T11:39:16","guid":{"rendered":"https:\/\/radiojehona.com\/?p=41114"},"modified":"2025-02-15T11:39:16","modified_gmt":"2025-02-15T11:39:16","slug":"lajm-i-mire-mblidhen-parate-e-nevojshme-per-sherimin-e-esiles","status":"publish","type":"post","link":"https:\/\/radiojehona.mk\/?p=41114","title":{"rendered":"Lajm i mir\u00eb, mblidhen parat\u00eb e nevojshme p\u00ebr sh\u00ebrimin e Esil\u00ebs"},"content":{"rendered":"\n<figure class=\"wp-block-image size-full\"><img fetchpriority=\"high\" decoding=\"async\" width=\"670\" height=\"446\" src=\"https:\/\/radiojehona.com\/wp-content\/uploads\/2025\/02\/Esila.jpg\" alt=\"\" class=\"wp-image-41115\" srcset=\"https:\/\/radiojehona.mk\/wp-content\/uploads\/2025\/02\/Esila.jpg 670w, https:\/\/radiojehona.mk\/wp-content\/uploads\/2025\/02\/Esila-300x200.jpg 300w\" sizes=\"(max-width: 670px) 100vw, 670px\" \/><figcaption class=\"wp-element-caption\">Screenshot<\/figcaption><\/figure>\n\n\n\n<p>Nj\u00eb ngjarje e jasht\u00ebzakonshme solidariteti ka ndodhur n\u00eb Shkup, ku parat\u00eb p\u00ebr trajtimin e nj\u00eb vajze 10 vje\u00e7are, Esila Xhaferi, e cila \u00ebsht\u00eb duke luftuar me kancerin, u mblodh\u00ebn n\u00eb nj\u00eb koh\u00eb rekord, njofton SHENJA.<\/p>\n\n\n\n<p>Fal\u00eb angazhimit t\u00eb jasht\u00ebzakonsh\u00ebm t\u00eb qytetar\u00ebve, bizneseve dhe individ\u00ebve t\u00eb ndrysh\u00ebm, parat\u00eb e nevojshme p\u00ebr trajtimin dhe mb\u00ebshtetje p\u00ebr vajz\u00ebn u grumbulluan m\u00eb shpejt se sa ishte pritur.<\/p>\n\n\n\n<p>Familja e Esil\u00ebs\u00ebsht\u00eb thell\u00ebsisht mir\u00ebnjoh\u00ebse nga ky akt i jasht\u00ebzakonsh\u00ebm i solidaritetit. Ata shprehin falenderimet m\u00eb t\u00eb sinqerta p\u00ebr \u00e7do person dhe kompani q\u00eb kontribuoi, duke b\u00ebr\u00eb t\u00eb mundur q\u00eb vajza t\u00eb ket\u00eb nj\u00eb mund\u00ebsi m\u00eb t\u00eb madhe p\u00ebr t\u00eb luftuar s\u00ebmundjen. \/SHENJA\/<\/p>\n","protected":false},"excerpt":{"rendered":"<p>Nj&euml; ngjarje e jasht&euml;zakonshme solidariteti ka ndodhur n&euml; Shkup, ku parat&euml; p&euml;r trajtimin e nj&euml; vajze 10 vje&ccedil;are, Esila Xhaferi, e cila &euml;sht&euml; duke luftuar me kancerin, u mblodh&euml;n n&euml; nj&euml; koh&euml; rekord, njofton SHENJA. Fal&euml; angazhimit t&euml; jasht&euml;zakonsh&euml;m t&euml; qytetar&euml;ve, bizneseve dhe individ&euml;ve t&euml; ndrysh&euml;m, parat&euml; e nevojshme p&euml;r trajtimin dhe mb&euml;shtetje p&euml;r vajz&euml;n [&hellip;]<\/p>\n","protected":false},"author":2,"featured_media":41115,"comment_status":"open","ping_status":"closed","sticky":false,"template":"","format":"standard","meta":{"_monsterinsights_skip_tracking":false,"_monsterinsights_sitenote_active":false,"_monsterinsights_sitenote_note":"","_monsterinsights_sitenote_category":0,"footnotes":""},"categories":[1],"tags":[],"class_list":["post-41114","post","type-post","status-publish","format-standard","has-post-thumbnail","hentry","category-vendi"],"_links":{"self":[{"href":"https:\/\/radiojehona.mk\/index.php?rest_route=\/wp\/v2\/posts\/41114","targetHints":{"allow":["GET"]}}],"collection":[{"href":"https:\/\/radiojehona.mk\/index.php?rest_route=\/wp\/v2\/posts"}],"about":[{"href":"https:\/\/radiojehona.mk\/index.php?rest_route=\/wp\/v2\/types\/post"}],"author":[{"embeddable":true,"href":"https:\/\/radiojehona.mk\/index.php?rest_route=\/wp\/v2\/users\/2"}],"replies":[{"embeddable":true,"href":"https:\/\/radiojehona.mk\/index.php?rest_route=%2Fwp%2Fv2%2Fcomments&post=41114"}],"version-history":[{"count":2,"href":"https:\/\/radiojehona.mk\/index.php?rest_route=\/wp\/v2\/posts\/41114\/revisions"}],"predecessor-version":[{"id":41117,"href":"https:\/\/radiojehona.mk\/index.php?rest_route=\/wp\/v2\/posts\/41114\/revisions\/41117"}],"wp:featuredmedia":[{"embeddable":true,"href":"https:\/\/radiojehona.mk\/index.php?rest_route=\/wp\/v2\/media\/41115"}],"wp:attachment":[{"href":"https:\/\/radiojehona.mk\/index.php?rest_route=%2Fwp%2Fv2%2Fmedia&parent=41114"}],"wp:term":[{"taxonomy":"category","embeddable":true,"href":"https:\/\/radiojehona.mk\/index.php?rest_route=%2Fwp%2Fv2%2Fcategories&post=41114"},{"taxonomy":"post_tag","embeddable":true,"href":"https:\/\/radiojehona.mk\/index.php?rest_route=%2Fwp%2Fv2%2Ftags&post=41114"}],"curies":[{"name":"wp","href":"https:\/\/api.w.org\/{rel}","templated":true}]}}