{"id":41110,"date":"2025-02-15T11:37:58","date_gmt":"2025-02-15T11:37:58","guid":{"rendered":"https:\/\/radiojehona.com\/?p=41110"},"modified":"2025-02-15T11:37:59","modified_gmt":"2025-02-15T11:37:59","slug":"dphm-temperatura-minus-ne-mbare-vendin-me-shume-bore-ne-kodren-e-diellit","status":"publish","type":"post","link":"https:\/\/radiojehona.mk\/?p=41110","title":{"rendered":"DPHM: Temperatura minus n\u00eb mbar\u00eb vendin, m\u00eb shum\u00eb bor\u00eb n\u00eb Kodr\u00ebn e Diellit"},"content":{"rendered":"\n<figure class=\"wp-block-image size-large\"><img fetchpriority=\"high\" decoding=\"async\" width=\"1024\" height=\"768\" src=\"https:\/\/radiojehona.com\/wp-content\/uploads\/2025\/02\/1111REDAKT.kodra-e-diellit-investimi-pret-procedurat-1024x768.jpg\" alt=\"\" class=\"wp-image-41111\" srcset=\"https:\/\/radiojehona.mk\/wp-content\/uploads\/2025\/02\/1111REDAKT.kodra-e-diellit-investimi-pret-procedurat-1024x768.jpg 1024w, https:\/\/radiojehona.mk\/wp-content\/uploads\/2025\/02\/1111REDAKT.kodra-e-diellit-investimi-pret-procedurat-300x225.jpg 300w, https:\/\/radiojehona.mk\/wp-content\/uploads\/2025\/02\/1111REDAKT.kodra-e-diellit-investimi-pret-procedurat-768x576.jpg 768w, https:\/\/radiojehona.mk\/wp-content\/uploads\/2025\/02\/1111REDAKT.kodra-e-diellit-investimi-pret-procedurat.jpg 1280w\" sizes=\"(max-width: 1024px) 100vw, 1024px\" \/><\/figure>\n\n\n\n<p>N\u00eb mbar\u00eb Maqedonin\u00eb e Veriut jan\u00eb regjistruar sot temperatura minus.<\/p>\n\n\n\n<p>-3 Berov\u00eb, -2 Manastir, Kodra e Diellit, -1 Kriva Pallank\u00eb, Prilep, Shtip, Mavrov\u00eb, 0 Demir Kapi, Krushev\u00eb, Llazaropole, 1 Vinic\u00eb, Kavadar, 2 Oh\u00ebr, Pretor, Veles, 3 Tetov\u00eb, Strumic\u00eb, 4 Shkup.<\/p>\n\n\n\n<p>Trash\u00ebsia e bor\u00ebs ka arritur n\u00eb 31 cm n\u00eb Kodr\u00ebn e Diellit dhe n\u00eb Mavrov\u00eb 9 cm.<\/p>\n\n\n\n<p>Temperaturat maksimale ditore do t\u00eb l\u00ebvizin nga 8 deri n\u00eb 14 grad\u00eb.<\/p>\n","protected":false},"excerpt":{"rendered":"<p>N&euml; mbar&euml; Maqedonin&euml; e Veriut jan&euml; regjistruar sot temperatura minus. -3 Berov&euml;, -2 Manastir, Kodra e Diellit, -1 Kriva Pallank&euml;, Prilep, Shtip, Mavrov&euml;, 0 Demir Kapi, Krushev&euml;, Llazaropole, 1 Vinic&euml;, Kavadar, 2 Oh&euml;r, Pretor, Veles, 3 Tetov&euml;, Strumic&euml;, 4 Shkup. Trash&euml;sia e bor&euml;s ka arritur n&euml; 31 cm n&euml; Kodr&euml;n e Diellit dhe n&euml; Mavrov&euml; [&hellip;]<\/p>\n","protected":false},"author":2,"featured_media":41111,"comment_status":"open","ping_status":"closed","sticky":false,"template":"","format":"standard","meta":{"_monsterinsights_skip_tracking":false,"_monsterinsights_sitenote_active":false,"_monsterinsights_sitenote_note":"","_monsterinsights_sitenote_category":0,"footnotes":""},"categories":[1],"tags":[],"class_list":["post-41110","post","type-post","status-publish","format-standard","has-post-thumbnail","hentry","category-vendi"],"_links":{"self":[{"href":"https:\/\/radiojehona.mk\/index.php?rest_route=\/wp\/v2\/posts\/41110","targetHints":{"allow":["GET"]}}],"collection":[{"href":"https:\/\/radiojehona.mk\/index.php?rest_route=\/wp\/v2\/posts"}],"about":[{"href":"https:\/\/radiojehona.mk\/index.php?rest_route=\/wp\/v2\/types\/post"}],"author":[{"embeddable":true,"href":"https:\/\/radiojehona.mk\/index.php?rest_route=\/wp\/v2\/users\/2"}],"replies":[{"embeddable":true,"href":"https:\/\/radiojehona.mk\/index.php?rest_route=%2Fwp%2Fv2%2Fcomments&post=41110"}],"version-history":[{"count":2,"href":"https:\/\/radiojehona.mk\/index.php?rest_route=\/wp\/v2\/posts\/41110\/revisions"}],"predecessor-version":[{"id":41113,"href":"https:\/\/radiojehona.mk\/index.php?rest_route=\/wp\/v2\/posts\/41110\/revisions\/41113"}],"wp:featuredmedia":[{"embeddable":true,"href":"https:\/\/radiojehona.mk\/index.php?rest_route=\/wp\/v2\/media\/41111"}],"wp:attachment":[{"href":"https:\/\/radiojehona.mk\/index.php?rest_route=%2Fwp%2Fv2%2Fmedia&parent=41110"}],"wp:term":[{"taxonomy":"category","embeddable":true,"href":"https:\/\/radiojehona.mk\/index.php?rest_route=%2Fwp%2Fv2%2Fcategories&post=41110"},{"taxonomy":"post_tag","embeddable":true,"href":"https:\/\/radiojehona.mk\/index.php?rest_route=%2Fwp%2Fv2%2Ftags&post=41110"}],"curies":[{"name":"wp","href":"https:\/\/api.w.org\/{rel}","templated":true}]}}