{"id":41108,"date":"2025-02-15T11:36:48","date_gmt":"2025-02-15T11:36:48","guid":{"rendered":"https:\/\/radiojehona.com\/?p=41108"},"modified":"2025-02-15T11:36:48","modified_gmt":"2025-02-15T11:36:48","slug":"mpb-maqedoni-konfirmon-se-nje-shtetas-i-kosoves-eshte-privuar-nga-liria-ne-vendkalimin-kufitar-bllace","status":"publish","type":"post","link":"https:\/\/radiojehona.mk\/?p=41108","title":{"rendered":"MPB Maqedoni konfirmon se nj\u00eb shtetas i Kosov\u00ebs \u00ebsht\u00eb privuar nga liria n\u00eb vendkalimin kufitar \u201cBllac\u00eb\u201d"},"content":{"rendered":"\n<figure class=\"wp-block-image size-full\"><img fetchpriority=\"high\" decoding=\"async\" width=\"750\" height=\"430\" src=\"https:\/\/radiojehona.com\/wp-content\/uploads\/2024\/12\/policia-mk-naten-750x430-1.jpg\" alt=\"\" class=\"wp-image-38399\" srcset=\"https:\/\/radiojehona.mk\/wp-content\/uploads\/2024\/12\/policia-mk-naten-750x430-1.jpg 750w, https:\/\/radiojehona.mk\/wp-content\/uploads\/2024\/12\/policia-mk-naten-750x430-1-300x172.jpg 300w\" sizes=\"(max-width: 750px) 100vw, 750px\" \/><\/figure>\n\n\n\n<p>Ministria e Pun\u00ebve t\u00eb Brendshme e Maqedonis\u00eb s\u00eb Veriut ka konfirmuar informacionin se nj\u00eb shtetas i Kosov\u00ebs \u00ebsht\u00eb privuar nga liria n\u00eb vendkalimin kufitar Bllac\u00eb, njofton Telegrafi Maqedoni.<a href=\"https:\/\/telegrafi.com\/ne-maqedoni-ndalohet-shtetasi-kosoves-kerkuar-nga-serbia\/?fbclid=IwY2xjawIdTudleHRuA2FlbQIxMAABHUuc6xVeo6WkpNvDMwAd-8KgaDWdjWqM-GQ9I9yZnB8KPWcNRq_0CQaFEw_aem_Z1dVuKFKvLXIA0TqMYKubg\"><\/a><\/p>\n\n\n\n<p>Si\u00e7 njoftojn\u00eb nga MPB, i njejti ka pasur mas\u00eb \u201carresti\u201d me k\u00ebrkes\u00eb t\u00eb Interpolit.<\/p>\n\n\n\n<p>\u201cM\u00eb dat\u00eb 14.02.2025 n\u00eb ora 14.10 n\u00eb pik\u00ebn kufitare \u201cBllac\u00eb\u201d n\u00eb hyrje t\u00eb vendit, zyrtar\u00ebt policor\u00eb kan\u00eb privuar nga liria E.B (55) nga Kosova, pasi gjat\u00eb nj\u00eb kontrolli dhe kontrolli pasaportash \u00ebsht\u00eb konstatuar se ai ishte regjistruar me mas\u00eb \u201carrest\u201d me k\u00ebrkes\u00eb t\u00eb Interpolit\u201d, thuhet n\u00eb njoftimin e MPB-s\u00eb.<\/p>\n\n\n\n<p>Kujtojm\u00eb se nuk \u00ebsht\u00eb rasti i par\u00eb q\u00eb ndalohen shtetasit e Kosov\u00ebs n\u00eb kufinjt\u00eb e Maqedonis\u00eb.<\/p>\n\n\n\n<p>Blerim Ramadani, ish-ushtar i U\u00c7K-s\u00eb, ishte i fundit i ndaluar n\u00eb vendkalimin tjet\u00ebr n\u00eb Jazhinc\u00eb i cili ju kthye Kosov\u00ebs. \/Telegrafi\/<\/p>\n","protected":false},"excerpt":{"rendered":"<p>Ministria e Pun&euml;ve t&euml; Brendshme e Maqedonis&euml; s&euml; Veriut ka konfirmuar informacionin se nj&euml; shtetas i Kosov&euml;s &euml;sht&euml; privuar nga liria n&euml; vendkalimin kufitar Bllac&euml;, njofton Telegrafi Maqedoni. Si&ccedil; njoftojn&euml; nga MPB, i njejti ka pasur mas&euml; &ldquo;arresti&rdquo; me k&euml;rkes&euml; t&euml; Interpolit. &ldquo;M&euml; dat&euml; 14.02.2025 n&euml; ora 14.10 n&euml; pik&euml;n kufitare &ldquo;Bllac&euml;&rdquo; n&euml; hyrje t&euml; [&hellip;]<\/p>\n","protected":false},"author":2,"featured_media":38399,"comment_status":"open","ping_status":"closed","sticky":false,"template":"","format":"standard","meta":{"_monsterinsights_skip_tracking":false,"_monsterinsights_sitenote_active":false,"_monsterinsights_sitenote_note":"","_monsterinsights_sitenote_category":0,"footnotes":""},"categories":[1],"tags":[],"class_list":["post-41108","post","type-post","status-publish","format-standard","has-post-thumbnail","hentry","category-vendi"],"_links":{"self":[{"href":"https:\/\/radiojehona.mk\/index.php?rest_route=\/wp\/v2\/posts\/41108","targetHints":{"allow":["GET"]}}],"collection":[{"href":"https:\/\/radiojehona.mk\/index.php?rest_route=\/wp\/v2\/posts"}],"about":[{"href":"https:\/\/radiojehona.mk\/index.php?rest_route=\/wp\/v2\/types\/post"}],"author":[{"embeddable":true,"href":"https:\/\/radiojehona.mk\/index.php?rest_route=\/wp\/v2\/users\/2"}],"replies":[{"embeddable":true,"href":"https:\/\/radiojehona.mk\/index.php?rest_route=%2Fwp%2Fv2%2Fcomments&post=41108"}],"version-history":[{"count":1,"href":"https:\/\/radiojehona.mk\/index.php?rest_route=\/wp\/v2\/posts\/41108\/revisions"}],"predecessor-version":[{"id":41109,"href":"https:\/\/radiojehona.mk\/index.php?rest_route=\/wp\/v2\/posts\/41108\/revisions\/41109"}],"wp:featuredmedia":[{"embeddable":true,"href":"https:\/\/radiojehona.mk\/index.php?rest_route=\/wp\/v2\/media\/38399"}],"wp:attachment":[{"href":"https:\/\/radiojehona.mk\/index.php?rest_route=%2Fwp%2Fv2%2Fmedia&parent=41108"}],"wp:term":[{"taxonomy":"category","embeddable":true,"href":"https:\/\/radiojehona.mk\/index.php?rest_route=%2Fwp%2Fv2%2Fcategories&post=41108"},{"taxonomy":"post_tag","embeddable":true,"href":"https:\/\/radiojehona.mk\/index.php?rest_route=%2Fwp%2Fv2%2Ftags&post=41108"}],"curies":[{"name":"wp","href":"https:\/\/api.w.org\/{rel}","templated":true}]}}