{"id":41101,"date":"2025-02-14T15:44:03","date_gmt":"2025-02-14T15:44:03","guid":{"rendered":"https:\/\/radiojehona.com\/?p=41101"},"modified":"2025-02-14T15:44:03","modified_gmt":"2025-02-14T15:44:03","slug":"radio-shkupi-mund-te-emetoje-program-24-ore-me-planin-investues-te-radiodifuzionit-te-maqedonise-se-veriut","status":"publish","type":"post","link":"https:\/\/radiojehona.mk\/?p=41101","title":{"rendered":"Radio Shkupi mund t\u00eb emetoj\u00eb program 24 or\u00eb me planin investues t\u00eb Radiodifuzionit t\u00eb Maqedonis\u00eb s\u00eb Veriut"},"content":{"rendered":"\n<figure class=\"wp-block-image size-large\"><img fetchpriority=\"high\" decoding=\"async\" width=\"1024\" height=\"705\" src=\"https:\/\/radiojehona.com\/wp-content\/uploads\/2025\/02\/IMG_0764-1024x705.jpeg\" alt=\"\" class=\"wp-image-41102\" srcset=\"https:\/\/radiojehona.mk\/wp-content\/uploads\/2025\/02\/IMG_0764-1024x705.jpeg 1024w, https:\/\/radiojehona.mk\/wp-content\/uploads\/2025\/02\/IMG_0764-300x206.jpeg 300w, https:\/\/radiojehona.mk\/wp-content\/uploads\/2025\/02\/IMG_0764-768x528.jpeg 768w, https:\/\/radiojehona.mk\/wp-content\/uploads\/2025\/02\/IMG_0764.jpeg 1125w\" sizes=\"(max-width: 1024px) 100vw, 1024px\" \/><\/figure>\n\n\n\n<p>Drejtori i p\u00ebrgjithsh\u00ebm i Radiotelevizionit t\u00eb Maqedonis\u00eb (RTVM), Marjan Cvetkovski, ka shpjeguar se, edhe pse ligj\u00ebrisht dhe formalisht kanali i kat\u00ebrt \u00ebsht\u00eb i hapur p\u00ebr programin n\u00eb gjuh\u00ebn shqipe, mungesa e frekuencave \u00ebsht\u00eb penges\u00eb kryesore p\u00ebr t\u00eb mund\u00ebsuar transmetimin 24-or\u00ebsh. Ai ka deklaruar p\u00ebr media se:<\/p>\n\n\n\n<p>\u201cLigj\u00ebrisht dhe formalisht kanali i kat\u00ebrt \u00ebsht\u00eb i hapur, por p\u00ebr shkak se mungojn\u00eb frekuencat, q\u00eb nuk jan\u00eb n\u00eb kompetenc\u00ebn ton\u00eb, por t\u00eb Radiodifuzionit t\u00eb Maqedonis\u00eb, ne nuk mund t\u00eb emetojm\u00eb program n\u00eb dy kanale t\u00eb ndryshme. Por, me planin investues q\u00eb do t\u00eb ket\u00eb Radiodifuzioni i Maqedonis\u00eb, pres q\u00eb ky problem t\u00eb tejkalohet dhe t\u00eb mund t\u00eb kemi nj\u00eb kanal 24-or\u00ebsh p\u00ebr t\u00eb gjitha bashk\u00ebsit\u00eb etnike\u201d, tha Cvetkovski.<\/p>\n\n\n\n<p>Nga ana tjet\u00ebr, Kryetari i Kuvendit t\u00eb Maqedonis\u00eb s\u00eb Veriut, Afrim Gashi, ka shprehur angazhimin e tij t\u00eb plot\u00eb p\u00ebr realizimin e projektit q\u00eb Radio Shkupi t\u00eb ket\u00eb program 24 or\u00eb n\u00eb gjuh\u00ebn shqipe. Gashi ka th\u00ebn\u00eb:<\/p>\n\n\n\n<p>\u201cRadio Shkupi \u00ebsht\u00eb nj\u00eb prej trash\u00ebgimive m\u00eb t\u00eb \u00e7muara t\u00eb shqiptar\u00ebve t\u00eb Maqedonis\u00eb s\u00eb Veriut, ku brezat jan\u00eb rritur dhe emancipuar p\u00ebrmes programeve t\u00eb saj. Un\u00eb do t\u00eb angazhohem personalisht q\u00eb ky projekt t\u00eb realizohet, dhe \u00ebsht\u00eb k\u00ebnaq\u00ebsi t\u00eb ndihmojm\u00eb n\u00eb zhvillimin e Radios dhe Televizionit.\u201d<\/p>\n\n\n\n<p>Cvetkovski dhe Gashi kan\u00eb shprehur optimiz\u00ebm se, me mb\u00ebshtetje t\u00eb duhur, ky projekt mund t\u00eb realizohet, duke siguruar p\u00ebrmir\u00ebsim t\u00eb sh\u00ebrbimit mediatik n\u00eb gjuh\u00ebn shqipe p\u00ebr komunitetin shqiptar n\u00eb Maqedonin\u00eb e Veriut.<\/p>\n","protected":false},"excerpt":{"rendered":"<p>Drejtori i p&euml;rgjithsh&euml;m i Radiotelevizionit t&euml; Maqedonis&euml; (RTVM), Marjan Cvetkovski, ka shpjeguar se, edhe pse ligj&euml;risht dhe formalisht kanali i kat&euml;rt &euml;sht&euml; i hapur p&euml;r programin n&euml; gjuh&euml;n shqipe, mungesa e frekuencave &euml;sht&euml; penges&euml; kryesore p&euml;r t&euml; mund&euml;suar transmetimin 24-or&euml;sh. Ai ka deklaruar p&euml;r media se: &ldquo;Ligj&euml;risht dhe formalisht kanali i kat&euml;rt &euml;sht&euml; i hapur, [&hellip;]<\/p>\n","protected":false},"author":2,"featured_media":41102,"comment_status":"open","ping_status":"closed","sticky":false,"template":"","format":"standard","meta":{"_monsterinsights_skip_tracking":false,"_monsterinsights_sitenote_active":false,"_monsterinsights_sitenote_note":"","_monsterinsights_sitenote_category":0,"footnotes":""},"categories":[1],"tags":[],"class_list":["post-41101","post","type-post","status-publish","format-standard","has-post-thumbnail","hentry","category-vendi"],"_links":{"self":[{"href":"https:\/\/radiojehona.mk\/index.php?rest_route=\/wp\/v2\/posts\/41101","targetHints":{"allow":["GET"]}}],"collection":[{"href":"https:\/\/radiojehona.mk\/index.php?rest_route=\/wp\/v2\/posts"}],"about":[{"href":"https:\/\/radiojehona.mk\/index.php?rest_route=\/wp\/v2\/types\/post"}],"author":[{"embeddable":true,"href":"https:\/\/radiojehona.mk\/index.php?rest_route=\/wp\/v2\/users\/2"}],"replies":[{"embeddable":true,"href":"https:\/\/radiojehona.mk\/index.php?rest_route=%2Fwp%2Fv2%2Fcomments&post=41101"}],"version-history":[{"count":1,"href":"https:\/\/radiojehona.mk\/index.php?rest_route=\/wp\/v2\/posts\/41101\/revisions"}],"predecessor-version":[{"id":41103,"href":"https:\/\/radiojehona.mk\/index.php?rest_route=\/wp\/v2\/posts\/41101\/revisions\/41103"}],"wp:featuredmedia":[{"embeddable":true,"href":"https:\/\/radiojehona.mk\/index.php?rest_route=\/wp\/v2\/media\/41102"}],"wp:attachment":[{"href":"https:\/\/radiojehona.mk\/index.php?rest_route=%2Fwp%2Fv2%2Fmedia&parent=41101"}],"wp:term":[{"taxonomy":"category","embeddable":true,"href":"https:\/\/radiojehona.mk\/index.php?rest_route=%2Fwp%2Fv2%2Fcategories&post=41101"},{"taxonomy":"post_tag","embeddable":true,"href":"https:\/\/radiojehona.mk\/index.php?rest_route=%2Fwp%2Fv2%2Ftags&post=41101"}],"curies":[{"name":"wp","href":"https:\/\/api.w.org\/{rel}","templated":true}]}}