{"id":41097,"date":"2025-02-14T15:39:07","date_gmt":"2025-02-14T15:39:07","guid":{"rendered":"https:\/\/radiojehona.com\/?p=41097"},"modified":"2025-02-14T15:39:07","modified_gmt":"2025-02-14T15:39:07","slug":"taravari-pike-e-re-pediatrike-e-kujdestarise-e-hapur-per-here-te-pare-ne-polikliniken-bit-pazar","status":"publish","type":"post","link":"https:\/\/radiojehona.mk\/?p=41097","title":{"rendered":"Taravari: Pik\u00eb e re pediatrike e kujdestaris\u00eb, e hapur p\u00ebr her\u00eb t\u00eb par\u00eb n\u00eb Poliklinik\u00ebn Bit Pazar"},"content":{"rendered":"\n<figure class=\"wp-block-image size-large\"><img fetchpriority=\"high\" decoding=\"async\" width=\"1024\" height=\"546\" src=\"https:\/\/radiojehona.com\/wp-content\/uploads\/2025\/02\/IMG_0763-1024x546.jpeg\" alt=\"\" class=\"wp-image-41098\" srcset=\"https:\/\/radiojehona.mk\/wp-content\/uploads\/2025\/02\/IMG_0763-1024x546.jpeg 1024w, https:\/\/radiojehona.mk\/wp-content\/uploads\/2025\/02\/IMG_0763-300x160.jpeg 300w, https:\/\/radiojehona.mk\/wp-content\/uploads\/2025\/02\/IMG_0763-768x410.jpeg 768w, https:\/\/radiojehona.mk\/wp-content\/uploads\/2025\/02\/IMG_0763.jpeg 1125w\" sizes=\"(max-width: 1024px) 100vw, 1024px\" \/><\/figure>\n\n\n\n<p>Ministri i Sh\u00ebndet\u00ebsis\u00eb, Arben Taravari, bashk\u00eb me drejtorin e Sht\u00ebpis\u00eb s\u00eb Sh\u00ebndetit Shkup, Samir Iseni, ka njoftuar sot se p\u00ebr her\u00eb t\u00eb par\u00eb \u00ebsht\u00eb hapur pik\u00eb e re pediatrike e kujdestaris\u00eb n\u00eb Poliklinik\u00ebn Bit Pazar.<br>\u201cPik\u00eb e re pediatrike e kujdestaris\u00eb, e hapur p\u00ebr her\u00eb t\u00eb par\u00eb sot n\u00eb Poliklinik\u00ebn Bit Pazar. Pika funksionon \u00e7do dit\u00eb nga ora 19:30 deri n\u00eb 07:30 dhe t\u00eb diel\u00ebn 24 or\u00eb. Hap\u00ebsira \u00ebsht\u00eb plot\u00ebsisht e rinovuar dhe e pajisur me mobilie dhe inventar t\u00eb ri mjek\u00ebsor\u201d ka shkruar ministri, Arben Taravari.<\/p>\n\n\n\n<p>Ai tutje ka shpjeguar p\u00ebr sh\u00ebrbimet q\u00eb ofrohen n\u00eb k\u00ebt\u00eb pik\u00eb pediatrike.<\/p>\n\n\n\n<p>\u201cN\u00eb k\u00ebt\u00eb pik\u00eb pediatrike do t\u00eb ofrohen sh\u00ebrbime p\u00ebr f\u00ebmij\u00ebt nga mosha 0 deri n\u00eb 14 vje\u00e7 nga qyteti i Shkupit dhe vendbanimet p\u00ebrreth. Sh\u00ebrbimet p\u00ebrfshijn\u00eb ekzaminim t\u00eb p\u00ebrgjithsh\u00ebm pediatrik, qasje terapeutike dhe analiza laboratorike\u201d, ka p\u00ebrfunduar Taravari.<br><br><\/p>\n\n\n\n<p><\/p>\n","protected":false},"excerpt":{"rendered":"<p>Ministri i Sh&euml;ndet&euml;sis&euml;, Arben Taravari, bashk&euml; me drejtorin e Sht&euml;pis&euml; s&euml; Sh&euml;ndetit Shkup, Samir Iseni, ka njoftuar sot se p&euml;r her&euml; t&euml; par&euml; &euml;sht&euml; hapur pik&euml; e re pediatrike e kujdestaris&euml; n&euml; Poliklinik&euml;n Bit Pazar.&ldquo;Pik&euml; e re pediatrike e kujdestaris&euml;, e hapur p&euml;r her&euml; t&euml; par&euml; sot n&euml; Poliklinik&euml;n Bit Pazar. Pika funksionon &ccedil;do dit&euml; [&hellip;]<\/p>\n","protected":false},"author":2,"featured_media":41098,"comment_status":"open","ping_status":"closed","sticky":false,"template":"","format":"standard","meta":{"_monsterinsights_skip_tracking":false,"_monsterinsights_sitenote_active":false,"_monsterinsights_sitenote_note":"","_monsterinsights_sitenote_category":0,"footnotes":""},"categories":[1],"tags":[],"class_list":["post-41097","post","type-post","status-publish","format-standard","has-post-thumbnail","hentry","category-vendi"],"_links":{"self":[{"href":"https:\/\/radiojehona.mk\/index.php?rest_route=\/wp\/v2\/posts\/41097","targetHints":{"allow":["GET"]}}],"collection":[{"href":"https:\/\/radiojehona.mk\/index.php?rest_route=\/wp\/v2\/posts"}],"about":[{"href":"https:\/\/radiojehona.mk\/index.php?rest_route=\/wp\/v2\/types\/post"}],"author":[{"embeddable":true,"href":"https:\/\/radiojehona.mk\/index.php?rest_route=\/wp\/v2\/users\/2"}],"replies":[{"embeddable":true,"href":"https:\/\/radiojehona.mk\/index.php?rest_route=%2Fwp%2Fv2%2Fcomments&post=41097"}],"version-history":[{"count":2,"href":"https:\/\/radiojehona.mk\/index.php?rest_route=\/wp\/v2\/posts\/41097\/revisions"}],"predecessor-version":[{"id":41100,"href":"https:\/\/radiojehona.mk\/index.php?rest_route=\/wp\/v2\/posts\/41097\/revisions\/41100"}],"wp:featuredmedia":[{"embeddable":true,"href":"https:\/\/radiojehona.mk\/index.php?rest_route=\/wp\/v2\/media\/41098"}],"wp:attachment":[{"href":"https:\/\/radiojehona.mk\/index.php?rest_route=%2Fwp%2Fv2%2Fmedia&parent=41097"}],"wp:term":[{"taxonomy":"category","embeddable":true,"href":"https:\/\/radiojehona.mk\/index.php?rest_route=%2Fwp%2Fv2%2Fcategories&post=41097"},{"taxonomy":"post_tag","embeddable":true,"href":"https:\/\/radiojehona.mk\/index.php?rest_route=%2Fwp%2Fv2%2Ftags&post=41097"}],"curies":[{"name":"wp","href":"https:\/\/api.w.org\/{rel}","templated":true}]}}