{"id":41093,"date":"2025-02-14T15:36:59","date_gmt":"2025-02-14T15:36:59","guid":{"rendered":"https:\/\/radiojehona.com\/?p=41093"},"modified":"2025-02-14T15:37:00","modified_gmt":"2025-02-14T15:37:00","slug":"durmishi-oda-e-tregtareve-eshte-dakorduar-qe-javen-e-ardhshme-te-merret-vendim-perfundimtar-per-cmimet","status":"publish","type":"post","link":"https:\/\/radiojehona.mk\/?p=41093","title":{"rendered":"Durmishi-Oda e Tregtar\u00ebve: \u00cbsht\u00eb dakorduar q\u00eb jav\u00ebn e ardhshme t\u00eb merret vendim p\u00ebrfundimtar p\u00ebr \u00e7mimet"},"content":{"rendered":"\n<figure class=\"wp-block-image size-large\"><img fetchpriority=\"high\" decoding=\"async\" width=\"1024\" height=\"641\" src=\"https:\/\/radiojehona.com\/wp-content\/uploads\/2025\/02\/IMG_0762-1024x641.jpeg\" alt=\"\" class=\"wp-image-41094\" srcset=\"https:\/\/radiojehona.mk\/wp-content\/uploads\/2025\/02\/IMG_0762-1024x641.jpeg 1024w, https:\/\/radiojehona.mk\/wp-content\/uploads\/2025\/02\/IMG_0762-300x188.jpeg 300w, https:\/\/radiojehona.mk\/wp-content\/uploads\/2025\/02\/IMG_0762-768x481.jpeg 768w, https:\/\/radiojehona.mk\/wp-content\/uploads\/2025\/02\/IMG_0762.jpeg 1125w\" sizes=\"(max-width: 1024px) 100vw, 1024px\" \/><\/figure>\n\n\n\n<p>Ministri i Ekonomis\u00eb dhe Pun\u00ebs, Besar Durmishi, s\u00eb bashku me zv. ministrin e Ekonomis\u00eb dhe Pun\u00ebs, Marjan Risteski, drejtorin e Inspektoratit Shtet\u00ebror t\u00eb Tregut, Vlatko Stojkoski dhe p\u00ebrfaq\u00ebsues t\u00eb Komisionit p\u00ebr Mbrojtjen e Konkurrenc\u00ebs, sot kan\u00eb mbajtur takim me p\u00ebrfaq\u00ebsues e tregtar\u00ebve distributor\u00eb m\u00eb t\u00eb m\u00ebdhenj n\u00eb vend, njoftojn\u00eb nga shtypi i qeveris\u00eb.<\/p>\n\n\n\n<p>\u201cN\u00eb mbledhje u diskutua projektvendimi i Ministris\u00eb s\u00eb Ekonomis\u00eb dhe Pun\u00ebs p\u00ebr kufizimin e marzhit bruto t\u00eb fitimit n\u00eb 10% n\u00eb tregtin\u00eb me shumic\u00eb dhe 10% n\u00eb tregtin\u00eb me pakic\u00eb t\u00eb disa produkteve baz\u00eb ushqimore dhe higjienike.<\/p>\n\n\n\n<p>Tregtar\u00ebt dhe shp\u00ebrndar\u00ebsit dhan\u00eb sugjerimet dhe komentet e tyre, t\u00eb cilat Ministria e Ekonomis\u00eb dhe Pun\u00ebs do t\u2019i analizoj\u00eb m\u00eb tej. N\u00eb takim u ra dakord q\u00eb vendimi p\u00ebrfundimtar t\u00eb merret brenda jav\u00ebs s\u00eb ardhshme\u201d, thuhet n\u00eb njoftim.<\/p>\n","protected":false},"excerpt":{"rendered":"<p>Ministri i Ekonomis&euml; dhe Pun&euml;s, Besar Durmishi, s&euml; bashku me zv. ministrin e Ekonomis&euml; dhe Pun&euml;s, Marjan Risteski, drejtorin e Inspektoratit Shtet&euml;ror t&euml; Tregut, Vlatko Stojkoski dhe p&euml;rfaq&euml;sues t&euml; Komisionit p&euml;r Mbrojtjen e Konkurrenc&euml;s, sot kan&euml; mbajtur takim me p&euml;rfaq&euml;sues e tregtar&euml;ve distributor&euml; m&euml; t&euml; m&euml;dhenj n&euml; vend, njoftojn&euml; nga shtypi i qeveris&euml;. &ldquo;N&euml; mbledhje [&hellip;]<\/p>\n","protected":false},"author":2,"featured_media":41094,"comment_status":"open","ping_status":"closed","sticky":false,"template":"","format":"standard","meta":{"_monsterinsights_skip_tracking":false,"_monsterinsights_sitenote_active":false,"_monsterinsights_sitenote_note":"","_monsterinsights_sitenote_category":0,"footnotes":""},"categories":[1],"tags":[],"class_list":["post-41093","post","type-post","status-publish","format-standard","has-post-thumbnail","hentry","category-vendi"],"_links":{"self":[{"href":"https:\/\/radiojehona.mk\/index.php?rest_route=\/wp\/v2\/posts\/41093","targetHints":{"allow":["GET"]}}],"collection":[{"href":"https:\/\/radiojehona.mk\/index.php?rest_route=\/wp\/v2\/posts"}],"about":[{"href":"https:\/\/radiojehona.mk\/index.php?rest_route=\/wp\/v2\/types\/post"}],"author":[{"embeddable":true,"href":"https:\/\/radiojehona.mk\/index.php?rest_route=\/wp\/v2\/users\/2"}],"replies":[{"embeddable":true,"href":"https:\/\/radiojehona.mk\/index.php?rest_route=%2Fwp%2Fv2%2Fcomments&post=41093"}],"version-history":[{"count":2,"href":"https:\/\/radiojehona.mk\/index.php?rest_route=\/wp\/v2\/posts\/41093\/revisions"}],"predecessor-version":[{"id":41096,"href":"https:\/\/radiojehona.mk\/index.php?rest_route=\/wp\/v2\/posts\/41093\/revisions\/41096"}],"wp:featuredmedia":[{"embeddable":true,"href":"https:\/\/radiojehona.mk\/index.php?rest_route=\/wp\/v2\/media\/41094"}],"wp:attachment":[{"href":"https:\/\/radiojehona.mk\/index.php?rest_route=%2Fwp%2Fv2%2Fmedia&parent=41093"}],"wp:term":[{"taxonomy":"category","embeddable":true,"href":"https:\/\/radiojehona.mk\/index.php?rest_route=%2Fwp%2Fv2%2Fcategories&post=41093"},{"taxonomy":"post_tag","embeddable":true,"href":"https:\/\/radiojehona.mk\/index.php?rest_route=%2Fwp%2Fv2%2Ftags&post=41093"}],"curies":[{"name":"wp","href":"https:\/\/api.w.org\/{rel}","templated":true}]}}