{"id":41089,"date":"2025-02-14T15:34:28","date_gmt":"2025-02-14T15:34:28","guid":{"rendered":"https:\/\/radiojehona.com\/?p=41089"},"modified":"2025-02-14T15:34:29","modified_gmt":"2025-02-14T15:34:29","slug":"bexheti-pervec-stemes-dhe-himnit-te-ndryshohet-edhe-flamuri-i-maqedonise-se-veriut","status":"publish","type":"post","link":"https:\/\/radiojehona.mk\/?p=41089","title":{"rendered":"Bexheti: P\u00ebrve\u00e7 stem\u00ebs dhe himnit, t\u00eb ndryshohet edhe flamuri i Maqedonis\u00eb s\u00eb Veriut!"},"content":{"rendered":"\n<figure class=\"wp-block-image size-large\"><img fetchpriority=\"high\" decoding=\"async\" width=\"1024\" height=\"705\" src=\"https:\/\/radiojehona.com\/wp-content\/uploads\/2025\/02\/IMG_0761-1024x705.jpeg\" alt=\"\" class=\"wp-image-41090\" srcset=\"https:\/\/radiojehona.mk\/wp-content\/uploads\/2025\/02\/IMG_0761-1024x705.jpeg 1024w, https:\/\/radiojehona.mk\/wp-content\/uploads\/2025\/02\/IMG_0761-300x206.jpeg 300w, https:\/\/radiojehona.mk\/wp-content\/uploads\/2025\/02\/IMG_0761-768x528.jpeg 768w, https:\/\/radiojehona.mk\/wp-content\/uploads\/2025\/02\/IMG_0761.jpeg 1125w\" sizes=\"(max-width: 1024px) 100vw, 1024px\" \/><\/figure>\n\n\n\n<p>Shefi i Grupit Parlamentar t\u00eb Frontit Europian, Blerim Bexheti n\u00eb nj\u00eb deklarat\u00eb p\u00ebr TV21 thot\u00eb se mb\u00ebshtesin iden\u00eb p\u00ebr ndryshimin e stem\u00ebs, por q\u00eb sipas tij, duhet t\u00eb ndryshohet himni, t\u00eb largohet 20%-shi q\u00eb i referohet gjuh\u00ebs shqipe n\u00eb Kushtetut\u00eb, nd\u00ebrkaq, si propozim shtes\u00eb i BDI-s\u00eb dhe Frontit Europian, \u00ebsht\u00eb q\u00eb t\u00eb ndryshohet edhe flamuri.<\/p>\n\n\n\n<p>\u201cNe jemi t\u00eb gatsh\u00ebm t\u00eb bisedojm\u00eb p\u00ebr stem\u00ebn, por gjithashtu, pasi q\u00eb stema \u00ebsht\u00eb nj\u00eb nd\u00ebr m\u00eb t\u00eb vjetrat nga social-komunizmi, p\u00ebr himnin q\u00eb himni t\u00eb jet\u00eb q\u00eb i p\u00ebrfshin t\u00eb gjitha, gjith\u00eb popujt k\u00ebtu n\u00eb Maqedoni, q\u00eb t\u00eb jet\u00eb e pranueshme p\u00ebr t\u00eb gjith\u00eb qytetar\u00ebt, q\u00eb ta ndjejn\u00eb si t\u00eb veten. Normalisht edhe te pjesa e ligjit p\u00ebr gjuh\u00ebn shqipe, por gjithashtu q\u00eb edhe flamuri shtet\u00ebror t\u00eb ndjehet si i t\u00eb gjith\u00ebve. Mendoj se n\u00eb k\u00ebt\u00eb pako duhet t\u00eb b\u00ebhet ndarja e flamurit t\u00eb kombit maqedonas me flamurin shtet\u00ebror\u201d, tha mes tjerash p\u00ebr TV21 Blerim Bexheti, shef i Grupit Parlamentar t\u00eb Frontit Europian.<\/p>\n","protected":false},"excerpt":{"rendered":"<p>Shefi i Grupit Parlamentar t&euml; Frontit Europian, Blerim Bexheti n&euml; nj&euml; deklarat&euml; p&euml;r TV21 thot&euml; se mb&euml;shtesin iden&euml; p&euml;r ndryshimin e stem&euml;s, por q&euml; sipas tij, duhet t&euml; ndryshohet himni, t&euml; largohet 20%-shi q&euml; i referohet gjuh&euml;s shqipe n&euml; Kushtetut&euml;, nd&euml;rkaq, si propozim shtes&euml; i BDI-s&euml; dhe Frontit Europian, &euml;sht&euml; q&euml; t&euml; ndryshohet edhe flamuri. [&hellip;]<\/p>\n","protected":false},"author":2,"featured_media":41090,"comment_status":"open","ping_status":"closed","sticky":false,"template":"","format":"standard","meta":{"_monsterinsights_skip_tracking":false,"_monsterinsights_sitenote_active":false,"_monsterinsights_sitenote_note":"","_monsterinsights_sitenote_category":0,"footnotes":""},"categories":[1],"tags":[],"class_list":["post-41089","post","type-post","status-publish","format-standard","has-post-thumbnail","hentry","category-vendi"],"_links":{"self":[{"href":"https:\/\/radiojehona.mk\/index.php?rest_route=\/wp\/v2\/posts\/41089","targetHints":{"allow":["GET"]}}],"collection":[{"href":"https:\/\/radiojehona.mk\/index.php?rest_route=\/wp\/v2\/posts"}],"about":[{"href":"https:\/\/radiojehona.mk\/index.php?rest_route=\/wp\/v2\/types\/post"}],"author":[{"embeddable":true,"href":"https:\/\/radiojehona.mk\/index.php?rest_route=\/wp\/v2\/users\/2"}],"replies":[{"embeddable":true,"href":"https:\/\/radiojehona.mk\/index.php?rest_route=%2Fwp%2Fv2%2Fcomments&post=41089"}],"version-history":[{"count":2,"href":"https:\/\/radiojehona.mk\/index.php?rest_route=\/wp\/v2\/posts\/41089\/revisions"}],"predecessor-version":[{"id":41092,"href":"https:\/\/radiojehona.mk\/index.php?rest_route=\/wp\/v2\/posts\/41089\/revisions\/41092"}],"wp:featuredmedia":[{"embeddable":true,"href":"https:\/\/radiojehona.mk\/index.php?rest_route=\/wp\/v2\/media\/41090"}],"wp:attachment":[{"href":"https:\/\/radiojehona.mk\/index.php?rest_route=%2Fwp%2Fv2%2Fmedia&parent=41089"}],"wp:term":[{"taxonomy":"category","embeddable":true,"href":"https:\/\/radiojehona.mk\/index.php?rest_route=%2Fwp%2Fv2%2Fcategories&post=41089"},{"taxonomy":"post_tag","embeddable":true,"href":"https:\/\/radiojehona.mk\/index.php?rest_route=%2Fwp%2Fv2%2Ftags&post=41089"}],"curies":[{"name":"wp","href":"https:\/\/api.w.org\/{rel}","templated":true}]}}