{"id":41082,"date":"2025-02-13T15:34:28","date_gmt":"2025-02-13T15:34:28","guid":{"rendered":"https:\/\/radiojehona.com\/?p=41082"},"modified":"2025-02-13T15:34:28","modified_gmt":"2025-02-13T15:34:28","slug":"france-sulm-me-granate-dore-12-te-lenduar","status":"publish","type":"post","link":"https:\/\/radiojehona.mk\/?p=41082","title":{"rendered":"Franc\u00eb, sulm me granat\u00eb dore, 12 t\u00eb l\u00ebnduar"},"content":{"rendered":"\n<figure class=\"wp-block-image size-full\"><img fetchpriority=\"high\" decoding=\"async\" width=\"780\" height=\"500\" src=\"https:\/\/radiojehona.com\/wp-content\/uploads\/2025\/02\/687401-ZA1kcfy7oZ.jpg\" alt=\"\" class=\"wp-image-41083\" srcset=\"https:\/\/radiojehona.mk\/wp-content\/uploads\/2025\/02\/687401-ZA1kcfy7oZ.jpg 780w, https:\/\/radiojehona.mk\/wp-content\/uploads\/2025\/02\/687401-ZA1kcfy7oZ-300x192.jpg 300w, https:\/\/radiojehona.mk\/wp-content\/uploads\/2025\/02\/687401-ZA1kcfy7oZ-768x492.jpg 768w\" sizes=\"(max-width: 780px) 100vw, 780px\" \/><\/figure>\n\n\n\n<p><strong>Nj\u00eb person i paidentifikuar mbr\u00ebmjen e s\u00eb m\u00ebrkur\u00ebs ka hedhur nj\u00eb granat\u00eb dore n\u00eb nj\u00eb kafeteri n\u00eb qytetin Grenob\u00ebl, n\u00eb Franc\u00eb. Policia ka th\u00ebn\u00eb t\u00eb dyshon se ka t\u00eb b\u00ebj\u00eb me q\u00ebrim hesapesh dhe lidhjen e mundshme me trafikim droge.<\/strong><\/p>\n\n\n\n<p>Dymb\u00ebdhjet\u00eb persona jan\u00eb l\u00ebnduar si pasoj\u00eb e shp\u00ebrthimit t\u00eb nj\u00eb granate dore e cila ishte hedhur n\u00eb nj\u00ebkafeteri p\u00ebrplot me mysafir\u00eb. Dy nga t\u00eb l\u00ebnduarit jan\u00eb n\u00eb gjendje t\u00eb r\u00ebnd\u00eb. Ngjarja ka ndodhur n\u00eb qytetin Grenoble, t\u00eb m\u00ebrkur\u00ebn n\u00eb mbr\u00ebmje pak pas or\u00ebs 20:00.<\/p>\n\n\n\n<p>Motivi i k\u00ebtij sulmi nuk dihet megjithat\u00eb hetuesit kan\u00eb th\u00ebn\u00eb se mund t\u00eb jet\u00eb p\u00ebr q\u00ebrim hesapesh.<\/p>\n\n\n\n<p>D\u00ebshmitar\u00ebt kan\u00eb th\u00ebn\u00eb se i dyshuari, q\u00eb e ka hedhur granat\u00ebn n\u00eb kafeteri, i paidentifikuar ende, mund t\u00eb ket\u00eb pasur me vete edhe nj\u00eb arm\u00eb automatike t\u00eb llojit AK-47.<\/p>\n\n\n\n<p>Prokurori Francois Touret-de-Courcey ka th\u00ebn\u00eb se po e shqyrtojn\u00eb lidhjen e mundshme t\u00eb sulmit me trafikim t\u00eb substancave narkotike.<\/p>\n\n\n\n<p>Rreth 80 polic\u00eb e zjarrfik\u00ebs ishin pozicionuar tek vendi I ngjarjes nd\u00ebrsa zona ishte siguruar edhe m\u00ebngjesin e s\u00eb enjtes.<\/p>\n\n\n\n<p>Z\u00ebvend\u00ebskryetarja e bashkis\u00eb ka th\u00ebn\u00eb se kjo kafteri \u00ebsht\u00eb nj\u00eb pik\u00ebtakim ku banor\u00ebt dhe mysafir\u00ebt mblidhen, zakonisht p\u00ebr t\u2019i p\u00ebrcjell\u00eb ndeshjet e futbollit.<\/p>\n\n\n\n<p><\/p>\n","protected":false},"excerpt":{"rendered":"<p>Nj&euml; person i paidentifikuar mbr&euml;mjen e s&euml; m&euml;rkur&euml;s ka hedhur nj&euml; granat&euml; dore n&euml; nj&euml; kafeteri n&euml; qytetin Grenob&euml;l, n&euml; Franc&euml;. Policia ka th&euml;n&euml; t&euml; dyshon se ka t&euml; b&euml;j&euml; me q&euml;rim hesapesh dhe lidhjen e mundshme me trafikim droge. Dymb&euml;dhjet&euml; persona jan&euml; l&euml;nduar si pasoj&euml; e shp&euml;rthimit t&euml; nj&euml; granate dore e cila ishte [&hellip;]<\/p>\n","protected":false},"author":2,"featured_media":41083,"comment_status":"open","ping_status":"closed","sticky":false,"template":"","format":"standard","meta":{"_monsterinsights_skip_tracking":false,"_monsterinsights_sitenote_active":false,"_monsterinsights_sitenote_note":"","_monsterinsights_sitenote_category":0,"footnotes":""},"categories":[569],"tags":[],"class_list":["post-41082","post","type-post","status-publish","format-standard","has-post-thumbnail","hentry","category-bota"],"_links":{"self":[{"href":"https:\/\/radiojehona.mk\/index.php?rest_route=\/wp\/v2\/posts\/41082","targetHints":{"allow":["GET"]}}],"collection":[{"href":"https:\/\/radiojehona.mk\/index.php?rest_route=\/wp\/v2\/posts"}],"about":[{"href":"https:\/\/radiojehona.mk\/index.php?rest_route=\/wp\/v2\/types\/post"}],"author":[{"embeddable":true,"href":"https:\/\/radiojehona.mk\/index.php?rest_route=\/wp\/v2\/users\/2"}],"replies":[{"embeddable":true,"href":"https:\/\/radiojehona.mk\/index.php?rest_route=%2Fwp%2Fv2%2Fcomments&post=41082"}],"version-history":[{"count":2,"href":"https:\/\/radiojehona.mk\/index.php?rest_route=\/wp\/v2\/posts\/41082\/revisions"}],"predecessor-version":[{"id":41085,"href":"https:\/\/radiojehona.mk\/index.php?rest_route=\/wp\/v2\/posts\/41082\/revisions\/41085"}],"wp:featuredmedia":[{"embeddable":true,"href":"https:\/\/radiojehona.mk\/index.php?rest_route=\/wp\/v2\/media\/41083"}],"wp:attachment":[{"href":"https:\/\/radiojehona.mk\/index.php?rest_route=%2Fwp%2Fv2%2Fmedia&parent=41082"}],"wp:term":[{"taxonomy":"category","embeddable":true,"href":"https:\/\/radiojehona.mk\/index.php?rest_route=%2Fwp%2Fv2%2Fcategories&post=41082"},{"taxonomy":"post_tag","embeddable":true,"href":"https:\/\/radiojehona.mk\/index.php?rest_route=%2Fwp%2Fv2%2Ftags&post=41082"}],"curies":[{"name":"wp","href":"https:\/\/api.w.org\/{rel}","templated":true}]}}