{"id":41079,"date":"2025-02-13T15:32:18","date_gmt":"2025-02-13T15:32:18","guid":{"rendered":"https:\/\/radiojehona.com\/?p=41079"},"modified":"2025-02-13T15:32:18","modified_gmt":"2025-02-13T15:32:18","slug":"bojkoti-ne-mal-te-zi-ul-qarkullimin-e-dyqaneve-me-me-shume-se-30-per-qind","status":"publish","type":"post","link":"https:\/\/radiojehona.mk\/?p=41079","title":{"rendered":"Bojkoti n\u00eb Mal t\u00eb Zi ul qarkullimin e dyqaneve me m\u00eb shum\u00eb se 30 p\u00ebr qind"},"content":{"rendered":"\n<figure class=\"wp-block-image size-full\"><img fetchpriority=\"high\" decoding=\"async\" width=\"600\" height=\"360\" src=\"https:\/\/radiojehona.com\/wp-content\/uploads\/2024\/11\/markete-600x360-1.jpg\" alt=\"\" class=\"wp-image-37700\" srcset=\"https:\/\/radiojehona.mk\/wp-content\/uploads\/2024\/11\/markete-600x360-1.jpg 600w, https:\/\/radiojehona.mk\/wp-content\/uploads\/2024\/11\/markete-600x360-1-300x180.jpg 300w\" sizes=\"(max-width: 600px) 100vw, 600px\" \/><\/figure>\n\n\n\n<h2 class=\"wp-block-heading\">Sipas t\u00eb dh\u00ebnave t\u00eb Administrat\u00ebs Tatimore t\u00eb Malit t\u00eb Zi, p\u00ebr shkak t\u00eb bojkotit t\u00eb dyqaneve t\u00eb shtun\u00ebn, m\u00eb 8 shkurt, pes\u00eb rrjetet m\u00eb t\u00eb m\u00ebdha t\u00eb shitjes me pakic\u00eb n\u00eb k\u00ebt\u00eb vend kan\u00eb regjistruar nj\u00eb r\u00ebnie prej 30,23 p\u00ebr qind t\u00eb qarkullimit krahasuar me 1 shkurtin.<\/h2>\n\n\n\n<p>Si\u00e7 raporton agjencia malazeze MINA, dyqanet kan\u00eb realizuar 2,96 milion\u00eb euro xhiro m\u00eb 8 shkurt, nd\u00ebrsa qarkullimi m\u00eb 1 shkurt, kur nuk ka pasur bojkot, ka qen\u00eb 4,24 milion\u00eb euro, shkruan AA.<\/p>\n\n\n\n<p>T\u00eb dh\u00ebnat e Administrat\u00ebs Tatimore tregojn\u00eb se qarkullimi ka r\u00ebn\u00eb m\u00eb s\u00eb shumti n\u00eb rajonin qendror t\u00eb vendit, me 35,86 p\u00ebr qind.<\/p>\n\n\n\n<p>Rajoni verior ka sh\u00ebnuar r\u00ebnie t\u00eb xhiros me 30,62 p\u00ebr qind, nd\u00ebrsa n\u00eb rajonin jugor ka pasur 21,5 p\u00ebr qind m\u00eb pak t\u00eb hyra n\u00eb kasat e marketeve.<\/p>\n\n\n\n<p>Numri i faturave t\u00eb l\u00ebshuara ka qen\u00eb 18,15 p\u00ebr qind m\u00eb i ul\u00ebt.<\/p>\n\n\n\n<p>N\u00eb vendet e rajonit t\u00eb Ballkanit, p\u00ebrfshir\u00eb Malin e Zi, jav\u00ebt e fundit jan\u00eb organizuar bojkote ndaj dyqaneve dhe supermarketeve p\u00ebr shkak t\u00eb \u00e7mimeve t\u00eb larta.<\/p>\n","protected":false},"excerpt":{"rendered":"<p>Sipas t&euml; dh&euml;nave t&euml; Administrat&euml;s Tatimore t&euml; Malit t&euml; Zi, p&euml;r shkak t&euml; bojkotit t&euml; dyqaneve t&euml; shtun&euml;n, m&euml; 8 shkurt, pes&euml; rrjetet m&euml; t&euml; m&euml;dha t&euml; shitjes me pakic&euml; n&euml; k&euml;t&euml; vend kan&euml; regjistruar nj&euml; r&euml;nie prej 30,23 p&euml;r qind t&euml; qarkullimit krahasuar me 1 shkurtin. Si&ccedil; raporton agjencia malazeze MINA, dyqanet kan&euml; realizuar [&hellip;]<\/p>\n","protected":false},"author":2,"featured_media":37700,"comment_status":"open","ping_status":"closed","sticky":false,"template":"","format":"standard","meta":{"_monsterinsights_skip_tracking":false,"_monsterinsights_sitenote_active":false,"_monsterinsights_sitenote_note":"","_monsterinsights_sitenote_category":0,"footnotes":""},"categories":[1],"tags":[],"class_list":["post-41079","post","type-post","status-publish","format-standard","has-post-thumbnail","hentry","category-vendi"],"_links":{"self":[{"href":"https:\/\/radiojehona.mk\/index.php?rest_route=\/wp\/v2\/posts\/41079","targetHints":{"allow":["GET"]}}],"collection":[{"href":"https:\/\/radiojehona.mk\/index.php?rest_route=\/wp\/v2\/posts"}],"about":[{"href":"https:\/\/radiojehona.mk\/index.php?rest_route=\/wp\/v2\/types\/post"}],"author":[{"embeddable":true,"href":"https:\/\/radiojehona.mk\/index.php?rest_route=\/wp\/v2\/users\/2"}],"replies":[{"embeddable":true,"href":"https:\/\/radiojehona.mk\/index.php?rest_route=%2Fwp%2Fv2%2Fcomments&post=41079"}],"version-history":[{"count":2,"href":"https:\/\/radiojehona.mk\/index.php?rest_route=\/wp\/v2\/posts\/41079\/revisions"}],"predecessor-version":[{"id":41081,"href":"https:\/\/radiojehona.mk\/index.php?rest_route=\/wp\/v2\/posts\/41079\/revisions\/41081"}],"wp:featuredmedia":[{"embeddable":true,"href":"https:\/\/radiojehona.mk\/index.php?rest_route=\/wp\/v2\/media\/37700"}],"wp:attachment":[{"href":"https:\/\/radiojehona.mk\/index.php?rest_route=%2Fwp%2Fv2%2Fmedia&parent=41079"}],"wp:term":[{"taxonomy":"category","embeddable":true,"href":"https:\/\/radiojehona.mk\/index.php?rest_route=%2Fwp%2Fv2%2Fcategories&post=41079"},{"taxonomy":"post_tag","embeddable":true,"href":"https:\/\/radiojehona.mk\/index.php?rest_route=%2Fwp%2Fv2%2Ftags&post=41079"}],"curies":[{"name":"wp","href":"https:\/\/api.w.org\/{rel}","templated":true}]}}