{"id":41071,"date":"2025-02-13T15:29:41","date_gmt":"2025-02-13T15:29:41","guid":{"rendered":"https:\/\/radiojehona.com\/?p=41071"},"modified":"2025-02-13T15:29:41","modified_gmt":"2025-02-13T15:29:41","slug":"vlen-pajtohet-me-hapjen-e-debatit-per-ndryshim-te-stemes-filipce-kundershtojme-ashper-ndryshimet","status":"publish","type":"post","link":"https:\/\/radiojehona.mk\/?p=41071","title":{"rendered":"VLEN pajtohet me hapjen e debatit p\u00ebr ndryshim t\u00eb stem\u00ebs \/ Filip\u00e7e: Kund\u00ebrshtojm\u00eb ashp\u00ebr ndryshimet"},"content":{"rendered":"\n<figure class=\"wp-block-image size-full\"><img fetchpriority=\"high\" decoding=\"async\" width=\"517\" height=\"356\" src=\"https:\/\/radiojehona.com\/wp-content\/uploads\/2025\/02\/grb-na-makedonija.jpg\" alt=\"\" class=\"wp-image-41072\" srcset=\"https:\/\/radiojehona.mk\/wp-content\/uploads\/2025\/02\/grb-na-makedonija.jpg 517w, https:\/\/radiojehona.mk\/wp-content\/uploads\/2025\/02\/grb-na-makedonija-300x207.jpg 300w\" sizes=\"(max-width: 517px) 100vw, 517px\" \/><\/figure>\n\n\n\n<p>VLEN pajtohet me hapjen e debatit p\u00ebr ndryshim t\u00eb stem\u00ebs dhe simboleve t\u00eb tjera shtet\u00ebrore por me kusht q\u00eb pakoja e ndryshimeve t\u00eb jet\u00eb m\u00eb e gjer\u00eb. Kreu i Bes\u00ebs Bilall Kasami, tha se ideja \u00ebsht\u00eb hedhur nga kryeministri n\u00eb nj\u00eb takim me krer\u00ebt e VLEN por nuk ka marr\u00ebveshje konkrete. Kasami, i pyetur p\u00ebr propozimin e dikursh\u00ebm t\u00eb luanit, thot\u00eb se nuk d\u00ebshiron t\u00eb paragjykoj\u00eb se si do t\u00eb duket stema por se ajo duhet t\u00eb jet\u00eb rezultati i nj\u00eb debati inkluziv.<\/p>\n\n\n\n<p>\u201c\u00cbsht\u00eb dh\u00ebn\u00eb q\u00ebndrimi yn\u00eb si koalicion VLEN q\u00eb n\u00ebse jemi t\u00eb gatsh\u00ebm p\u00ebr t\u00eb biseduar p\u00ebr ndryshim t\u00eb tilla, kjo t\u00eb jet\u00eb n\u00eb kuad\u00ebr t\u00eb nj\u00eb pakoje t\u00eb ndryshimeve kushtetuese q\u00eb do t\u00eb p\u00ebrfshinin nj\u00eb revidim t\u00eb t\u00eb gjith\u00eb atyre simboleve t\u00eb shtetit q\u00eb vin\u00eb nga e kaluara por nj\u00ebher\u00ebsh por edhe p\u00ebr at\u00eb p\u00ebr t\u00eb cil\u00ebn ne insistojm\u00eb si koalicion VLEN, largimin e definicionit p\u00ebr ne n\u00ebn\u00e7mues p\u00ebr gjuh\u00ebn shqipe si gjuh\u00eb q\u00eb e flasin 20%\u201d, tha Bilall Kasami, kryetar i Bes\u00ebs, VLEN.<\/p>\n\n\n\n<p>LSDM-ja \u00ebsht\u00eb kund\u00ebr ndryshimit t\u00eb stem\u00ebs shtet\u00ebrore dhe himnit shtet\u00ebror. Thon\u00eb se do ta kund\u00ebrshtojn\u00eb ashp\u00ebr.<\/p>\n\n\n\n<p>\u201cNe vler\u00ebsojm\u00eb se stema shtet\u00ebrore n\u00eb m\u00ebnyr\u00eb shum\u00eb t\u00eb p\u00ebrshtatshme i pasqyron t\u00eb gjitha karakteristikat, kontinuitet t\u00eb p\u00ebrfitimeve nga lufta nacional \u00e7lirimtare dhe antifashiste. Nuk ka asnj\u00eb ndarje sa i takon grupeve etnike. N\u00ebse ka nj\u00eb iniciativ\u00eb t\u00eb till\u00eb p\u00ebr ndryshim t\u00eb stem\u00ebs do ta kund\u00ebrshtojm\u00eb ashp\u00ebr me t\u00eb gjitha mekanizmat demokratik\u201d, u shpreh Venko Filip\u00e7e, kryetar i LSDM-s\u00eb.<\/p>\n\n\n\n<p>Kryeministri Hristijan Mickoski e quajti stem\u00ebn shtet\u00ebrore post-socialiste, duke mbetur nj\u00ebra nga dy shtetet q\u00eb akoma kan\u00eb stem\u00eb t\u00eb vjet\u00ebr me disa modifikime. Ai pranoi se kjo tem\u00eb \u00ebsht\u00eb hapur.<br>Nj\u00eb nism\u00eb p\u00ebr ndryshim t\u00eb stem\u00ebs d\u00ebshtoi n\u00eb vitin 2014 pavar\u00ebsisht se BDI-ja b\u00ebri p\u00ebrpjekje t\u2019u impononte shqiptar\u00ebve ndryshimin e stem\u00ebs s\u00eb Maqedonis\u00eb, sipas d\u00ebshirave t\u00eb VMRO-DPMNE-s\u00eb n\u00eb krye me Nikolla Gruevskin. Simboli i ri stem\u00ebs do t\u00eb ishte luani i verdh\u00eb i ngritur n\u00eb dy k\u00ebmb\u00eb, i cili ishte identik me logon e VMRO-s\u00eb. Kjo, nuk ishte problem p\u00ebr partin\u00eb e at\u00ebhershme n\u00eb pushtet, e cila, madje arsyetonte se luani ishte edhe simbol shqiptar dhe i p\u00ebrdorsh\u00ebm nga Bashkia e Durr\u00ebsit. \/<strong>Alsat.mk<\/strong><\/p>\n","protected":false},"excerpt":{"rendered":"<p>VLEN pajtohet me hapjen e debatit p&euml;r ndryshim t&euml; stem&euml;s dhe simboleve t&euml; tjera shtet&euml;rore por me kusht q&euml; pakoja e ndryshimeve t&euml; jet&euml; m&euml; e gjer&euml;. Kreu i Bes&euml;s Bilall Kasami, tha se ideja &euml;sht&euml; hedhur nga kryeministri n&euml; nj&euml; takim me krer&euml;t e VLEN por nuk ka marr&euml;veshje konkrete. Kasami, i pyetur p&euml;r [&hellip;]<\/p>\n","protected":false},"author":2,"featured_media":41072,"comment_status":"open","ping_status":"closed","sticky":false,"template":"","format":"standard","meta":{"_monsterinsights_skip_tracking":false,"_monsterinsights_sitenote_active":false,"_monsterinsights_sitenote_note":"","_monsterinsights_sitenote_category":0,"footnotes":""},"categories":[1],"tags":[],"class_list":["post-41071","post","type-post","status-publish","format-standard","has-post-thumbnail","hentry","category-vendi"],"_links":{"self":[{"href":"https:\/\/radiojehona.mk\/index.php?rest_route=\/wp\/v2\/posts\/41071","targetHints":{"allow":["GET"]}}],"collection":[{"href":"https:\/\/radiojehona.mk\/index.php?rest_route=\/wp\/v2\/posts"}],"about":[{"href":"https:\/\/radiojehona.mk\/index.php?rest_route=\/wp\/v2\/types\/post"}],"author":[{"embeddable":true,"href":"https:\/\/radiojehona.mk\/index.php?rest_route=\/wp\/v2\/users\/2"}],"replies":[{"embeddable":true,"href":"https:\/\/radiojehona.mk\/index.php?rest_route=%2Fwp%2Fv2%2Fcomments&post=41071"}],"version-history":[{"count":2,"href":"https:\/\/radiojehona.mk\/index.php?rest_route=\/wp\/v2\/posts\/41071\/revisions"}],"predecessor-version":[{"id":41074,"href":"https:\/\/radiojehona.mk\/index.php?rest_route=\/wp\/v2\/posts\/41071\/revisions\/41074"}],"wp:featuredmedia":[{"embeddable":true,"href":"https:\/\/radiojehona.mk\/index.php?rest_route=\/wp\/v2\/media\/41072"}],"wp:attachment":[{"href":"https:\/\/radiojehona.mk\/index.php?rest_route=%2Fwp%2Fv2%2Fmedia&parent=41071"}],"wp:term":[{"taxonomy":"category","embeddable":true,"href":"https:\/\/radiojehona.mk\/index.php?rest_route=%2Fwp%2Fv2%2Fcategories&post=41071"},{"taxonomy":"post_tag","embeddable":true,"href":"https:\/\/radiojehona.mk\/index.php?rest_route=%2Fwp%2Fv2%2Ftags&post=41071"}],"curies":[{"name":"wp","href":"https:\/\/api.w.org\/{rel}","templated":true}]}}