{"id":41064,"date":"2025-02-13T13:30:48","date_gmt":"2025-02-13T13:30:48","guid":{"rendered":"https:\/\/radiojehona.com\/?p=41064"},"modified":"2025-02-13T13:30:49","modified_gmt":"2025-02-13T13:30:49","slug":"20-te-plagosur-nga-incidenti-me-veture-ne-mynih-te-gjermanise","status":"publish","type":"post","link":"https:\/\/radiojehona.mk\/?p=41064","title":{"rendered":"20 t\u00eb plagosur nga incidenti me vetur\u00eb n\u00eb Mynih t\u00eb Gjermanis\u00eb"},"content":{"rendered":"\n<figure class=\"wp-block-image size-large\"><img fetchpriority=\"high\" decoding=\"async\" width=\"1024\" height=\"538\" src=\"https:\/\/radiojehona.com\/wp-content\/uploads\/2025\/02\/IMG_0739-1024x538.jpeg\" alt=\"\" class=\"wp-image-41065\" srcset=\"https:\/\/radiojehona.mk\/wp-content\/uploads\/2025\/02\/IMG_0739-1024x538.jpeg 1024w, https:\/\/radiojehona.mk\/wp-content\/uploads\/2025\/02\/IMG_0739-300x158.jpeg 300w, https:\/\/radiojehona.mk\/wp-content\/uploads\/2025\/02\/IMG_0739-768x403.jpeg 768w, https:\/\/radiojehona.mk\/wp-content\/uploads\/2025\/02\/IMG_0739.jpeg 1125w\" sizes=\"(max-width: 1024px) 100vw, 1024px\" \/><\/figure>\n\n\n\n<p><strong>Nj\u00eb vetur\u00eb ka p\u00ebrplasur nj\u00eb grup njer\u00ebzish n\u00eb Mynih t\u00eb Gjermanis\u00eb, duke l\u00ebn\u00eb disa t\u00eb plagosur.<\/strong><\/p>\n\n\n\n<p>Policia n\u00eb televizionin gjerman tha se t\u00eb pakt\u00ebn 20 persona jan\u00eb plagosur \u2013 disa prej tyre n\u00eb gjendje kritike dhe t\u00eb r\u00ebnd\u00eb.<\/p>\n\n\n\n<p>Ende nuk dihet n\u00ebse drejtuesi i mjetit ka vepruar q\u00ebllimisht apo ka qen\u00eb aksident, shkruan BBC-i.<\/p>\n\n\n\n<p>Kryetari i bashkis\u00eb s\u00eb Mynihut Dieter Reiter i tha gazet\u00ebs gjermane \u201cBild\u201d se zyrtar\u00ebt e policis\u00eb i than\u00eb se mes t\u00eb plagosurve kishte edhe f\u00ebmij\u00eb.<\/p>\n\n\n\n<figure class=\"wp-block-image\"><img decoding=\"async\" src=\"https:\/\/ads2.indeksonline.net\/www\/delivery\/lg.php?bannerid=0&amp;campaignid=0&amp;zoneid=218&amp;loc=https%3A%2F%2Findeksonline.net%2F20-te-plagosur-nga-incidenti-me-veture-ne-mynih-te-gjermanise%2F%23&amp;referer=https%3A%2F%2Ffax.al%2F&amp;cb=316d0cf26e\" alt=\"\"\/><\/figure>\n\n\n\n<p>\u201cJam thell\u00ebsisht i tronditur. Mendimet e mia jan\u00eb me t\u00eb plagosurit\u201d, thot\u00eb ai.<\/p>\n\n\n\n<p>Nj\u00eb operacion i madh \u00ebsht\u00eb duke u zhvilluar n\u00eb zon\u00ebn e Dachauer Strasse, thot\u00eb policia, duke shtuar se shoferi u ndalua n\u00eb vendngjarje dhe nuk p\u00ebrb\u00ebn rrezik t\u00eb m\u00ebtejsh\u00ebm.<\/p>\n\n\n\n<p>Aktualisht \u00ebsht\u00eb e paqart\u00eb n\u00ebse ky ishte nj\u00eb sulm apo nj\u00eb aksident.<\/p>\n\n\n\n<p>Konferenca e Siguris\u00eb n\u00eb Mynih, do t\u00eb filloj\u00eb t\u00eb premten, me n\u00ebnpresidentin e SHBA-s\u00eb JD Vance dhe presidentin ukrainas Volodymyr Zelensky q\u00eb do t\u00eb mb\u00ebrrijn\u00eb k\u00ebt\u00eb pasdite.<\/p>\n","protected":false},"excerpt":{"rendered":"<p>Nj&euml; vetur&euml; ka p&euml;rplasur nj&euml; grup njer&euml;zish n&euml; Mynih t&euml; Gjermanis&euml;, duke l&euml;n&euml; disa t&euml; plagosur. Policia n&euml; televizionin gjerman tha se t&euml; pakt&euml;n 20 persona jan&euml; plagosur &ndash; disa prej tyre n&euml; gjendje kritike dhe t&euml; r&euml;nd&euml;. Ende nuk dihet n&euml;se drejtuesi i mjetit ka vepruar q&euml;llimisht apo ka qen&euml; aksident, shkruan BBC-i. Kryetari [&hellip;]<\/p>\n","protected":false},"author":2,"featured_media":41065,"comment_status":"open","ping_status":"closed","sticky":false,"template":"","format":"standard","meta":{"_monsterinsights_skip_tracking":false,"_monsterinsights_sitenote_active":false,"_monsterinsights_sitenote_note":"","_monsterinsights_sitenote_category":0,"footnotes":""},"categories":[569],"tags":[],"class_list":["post-41064","post","type-post","status-publish","format-standard","has-post-thumbnail","hentry","category-bota"],"_links":{"self":[{"href":"https:\/\/radiojehona.mk\/index.php?rest_route=\/wp\/v2\/posts\/41064","targetHints":{"allow":["GET"]}}],"collection":[{"href":"https:\/\/radiojehona.mk\/index.php?rest_route=\/wp\/v2\/posts"}],"about":[{"href":"https:\/\/radiojehona.mk\/index.php?rest_route=\/wp\/v2\/types\/post"}],"author":[{"embeddable":true,"href":"https:\/\/radiojehona.mk\/index.php?rest_route=\/wp\/v2\/users\/2"}],"replies":[{"embeddable":true,"href":"https:\/\/radiojehona.mk\/index.php?rest_route=%2Fwp%2Fv2%2Fcomments&post=41064"}],"version-history":[{"count":2,"href":"https:\/\/radiojehona.mk\/index.php?rest_route=\/wp\/v2\/posts\/41064\/revisions"}],"predecessor-version":[{"id":41067,"href":"https:\/\/radiojehona.mk\/index.php?rest_route=\/wp\/v2\/posts\/41064\/revisions\/41067"}],"wp:featuredmedia":[{"embeddable":true,"href":"https:\/\/radiojehona.mk\/index.php?rest_route=\/wp\/v2\/media\/41065"}],"wp:attachment":[{"href":"https:\/\/radiojehona.mk\/index.php?rest_route=%2Fwp%2Fv2%2Fmedia&parent=41064"}],"wp:term":[{"taxonomy":"category","embeddable":true,"href":"https:\/\/radiojehona.mk\/index.php?rest_route=%2Fwp%2Fv2%2Fcategories&post=41064"},{"taxonomy":"post_tag","embeddable":true,"href":"https:\/\/radiojehona.mk\/index.php?rest_route=%2Fwp%2Fv2%2Ftags&post=41064"}],"curies":[{"name":"wp","href":"https:\/\/api.w.org\/{rel}","templated":true}]}}