{"id":41062,"date":"2025-02-13T13:17:27","date_gmt":"2025-02-13T13:17:27","guid":{"rendered":"https:\/\/radiojehona.com\/?p=41062"},"modified":"2025-02-13T13:17:28","modified_gmt":"2025-02-13T13:17:28","slug":"sulmohet-fizikisht-banori-i-shqiperise-ne-lagjen-banjeshnice-ne-gostivar","status":"publish","type":"post","link":"https:\/\/radiojehona.mk\/?p=41062","title":{"rendered":"Sulmohet fizikisht banori i Shqip\u00ebris\u00eb n\u00eb lagjen Banjeshnic\u00eb n\u00eb Gostivar"},"content":{"rendered":"\n<figure class=\"wp-block-image size-full\"><img fetchpriority=\"high\" decoding=\"async\" width=\"725\" height=\"375\" src=\"https:\/\/radiojehona.com\/wp-content\/uploads\/2024\/11\/Policia-.jpg\" alt=\"\" class=\"wp-image-37694\" srcset=\"https:\/\/radiojehona.mk\/wp-content\/uploads\/2024\/11\/Policia-.jpg 725w, https:\/\/radiojehona.mk\/wp-content\/uploads\/2024\/11\/Policia--300x155.jpg 300w\" sizes=\"(max-width: 725px) 100vw, 725px\" \/><\/figure>\n\n\n\n<p><strong>Dje me dat\u00eb 12.02.2025 n\u00eb ora 22:30 n\u00eb DPB Gostivar, personi A.M.(29) nga Republika e Shqip\u00ebris\u00eb, me banim n\u00eb Gostivar, ka raportuar se rreth or\u00ebs 21.00 n\u00eb rrug\u00ebn ,,Banjeshnica\u201d n\u00eb Gostivar \u00ebsht\u00eb sulmuar fizikisht nga nj\u00eb person.&nbsp;<\/strong><\/p>\n\n\n\n<p>Po merren masa p\u00ebr zbardhjen dhe dokumentimin e rastit.<\/p>\n","protected":false},"excerpt":{"rendered":"<p>Dje me dat&euml; 12.02.2025 n&euml; ora 22:30 n&euml; DPB Gostivar, personi A.M.(29) nga Republika e Shqip&euml;ris&euml;, me banim n&euml; Gostivar, ka raportuar se rreth or&euml;s 21.00 n&euml; rrug&euml;n ,,Banjeshnica&rdquo; n&euml; Gostivar &euml;sht&euml; sulmuar fizikisht nga nj&euml; person.&nbsp; Po merren masa p&euml;r zbardhjen dhe dokumentimin e rastit.<\/p>\n","protected":false},"author":2,"featured_media":37694,"comment_status":"open","ping_status":"closed","sticky":false,"template":"","format":"standard","meta":{"_monsterinsights_skip_tracking":false,"_monsterinsights_sitenote_active":false,"_monsterinsights_sitenote_note":"","_monsterinsights_sitenote_category":0,"footnotes":""},"categories":[1],"tags":[],"class_list":["post-41062","post","type-post","status-publish","format-standard","has-post-thumbnail","hentry","category-vendi"],"_links":{"self":[{"href":"https:\/\/radiojehona.mk\/index.php?rest_route=\/wp\/v2\/posts\/41062","targetHints":{"allow":["GET"]}}],"collection":[{"href":"https:\/\/radiojehona.mk\/index.php?rest_route=\/wp\/v2\/posts"}],"about":[{"href":"https:\/\/radiojehona.mk\/index.php?rest_route=\/wp\/v2\/types\/post"}],"author":[{"embeddable":true,"href":"https:\/\/radiojehona.mk\/index.php?rest_route=\/wp\/v2\/users\/2"}],"replies":[{"embeddable":true,"href":"https:\/\/radiojehona.mk\/index.php?rest_route=%2Fwp%2Fv2%2Fcomments&post=41062"}],"version-history":[{"count":1,"href":"https:\/\/radiojehona.mk\/index.php?rest_route=\/wp\/v2\/posts\/41062\/revisions"}],"predecessor-version":[{"id":41063,"href":"https:\/\/radiojehona.mk\/index.php?rest_route=\/wp\/v2\/posts\/41062\/revisions\/41063"}],"wp:featuredmedia":[{"embeddable":true,"href":"https:\/\/radiojehona.mk\/index.php?rest_route=\/wp\/v2\/media\/37694"}],"wp:attachment":[{"href":"https:\/\/radiojehona.mk\/index.php?rest_route=%2Fwp%2Fv2%2Fmedia&parent=41062"}],"wp:term":[{"taxonomy":"category","embeddable":true,"href":"https:\/\/radiojehona.mk\/index.php?rest_route=%2Fwp%2Fv2%2Fcategories&post=41062"},{"taxonomy":"post_tag","embeddable":true,"href":"https:\/\/radiojehona.mk\/index.php?rest_route=%2Fwp%2Fv2%2Ftags&post=41062"}],"curies":[{"name":"wp","href":"https:\/\/api.w.org\/{rel}","templated":true}]}}